{"id":3798,"date":"2020-03-20T08:24:55","date_gmt":"2020-03-20T07:24:55","guid":{"rendered":"https:\/\/www.nanexa.com\/mfn_news\/corona-situationen-paverkar-an-sa-lange-inte-nanexas-arbete\/"},"modified":"2020-06-26T14:16:20","modified_gmt":"2020-06-26T12:16:20","slug":"corona-situationen-paverkar-an-sa-lange-inte-nanexas-arbete","status":"publish","type":"mfn_news","link":"https:\/\/nanexa.com\/sv\/mfn_news\/corona-situationen-paverkar-an-sa-lange-inte-nanexas-arbete\/","title":{"rendered":"Corona-situationen p\u00e5verkar \u00e4n s\u00e5 l\u00e4nge inte Nanexas arbete"},"content":{"rendered":"<div class=\"mfn-preamble\"><strong><\/strong><\/div>\n<p><span><span>Nanexa har vidtagit de f\u00f6rsiktighets\u00e5tg\u00e4rder som vi bed\u00f6mer beh\u00f6vs f\u00f6r att s\u00e4kerst\u00e4lla att arbetet p\u00e5verkas s\u00e5 lite som m\u00f6jligt av virusutbrottet. De personer i organisationen som har arbetsuppgifter som kan utf\u00f6ras fr\u00e5n hemmet arbetar hemma men laboratoriepersonalen \u00e4r p\u00e5 plats. Vi undviker ocks\u00e5 fysiska m\u00f6ten i st\u00f6rre grupper utan anv\u00e4nder olika webbl\u00f6sningar f\u00f6r detta.<\/span><\/span><\/p>\n<p>\u00a0<\/p>\n<p><span><span>Nanexas VD David Westberg kommenterar:<\/span><\/span><\/p>\n<p><span><span>I dessa tider \u00e4r det m\u00e5nga f\u00f6retag som p\u00e5verkas och \u00e4ven vi kommer nog p\u00e5 ett eller annat s\u00e4tt g\u00f6ra det. Jag kan konstatera att v\u00e5rt arbete \u00e4n s\u00e5 l\u00e4nge \u00e4r op\u00e5verkat och l\u00f6per p\u00e5 i full hastighet. V\u00e5ra samarbeten har inte drabbats negativt och inte v\u00e5rt eget produktprojekt NEX-18 heller. I en s\u00e5 pass liten organisation som vi \u00e4r har vi m\u00f6jlighet att vara flexibla och snabbt anpassa oss efter r\u00e5dande omst\u00e4ndigheter. Med nyligen p\u00e5fylld kassa \u00e4r Nanexa v\u00e4l rustat inf\u00f6r krisen.<\/span><\/span><\/p>\n<p>\u00a0<\/p>\n<p><span><span>F\u00f6r mer information kontakta:<br \/>\nDavid Westberg &#8211; VD, Nanexa AB (publ)\u00a0?Telefon: 0709 &#8211; 42 83 03?<br \/>\nE-post: david.westberg@nanexa.se www.nanexa.com<\/span><\/span><\/p>\n<p><span><span>Om Nanexa AB (publ)<\/span><\/span><\/p>\n<p>\u00a0<\/p>\n<p><span><span>Nanexa AB \u00e4r ett nanoteknologiskt drug delivery-f\u00f6retag som fokuserar p\u00e5 utvecklingen av PharmaShell\u00ae som \u00e4r ett nytt och banbrytande drug delivery-system som bed\u00f6ms ha en stor potential inom ett flertal substanstyper och indikationsomr\u00e5den. Inom ramen f\u00f6r PharmaShell\u00ae utvecklar Nanexa egna projekt och har samarbetsavtal med flera l\u00e4kemedelsbolag, d\u00e4ribland AstraZeneca.<\/span><\/span><\/p>\n<\/p>\n<p><span><strong><\/strong><\/span><\/p>\n<p><span><strong><\/strong><\/span><\/p>\n<div class=\"mfn-footer mfn-attachment\">\n<p><strong>Bifogade filer<\/strong><\/p>\n<hr\/>\n<p><a href=\"https:\/\/mb.cision.com\/Main\/12591\/3064619\/1214775.pdf\" target=\"_blank\" rel=\"nofollow noopener noreferrer\">Release<\/a><\/p>\n<\/div>\n<div class=\"mfn-footer\"><\/div>\n","protected":false},"excerpt":{"rendered":"<p>Nanexa har vidtagit de f\u00f6rsiktighets\u00e5tg\u00e4rder som vi bed\u00f6mer beh\u00f6vs f\u00f6r att s\u00e4kerst\u00e4lla att arbetet p\u00e5verkas s\u00e5 lite som m\u00f6jligt av virusutbrottet. De personer i organisationen som har arbetsuppgifter som kan utf\u00f6ras fr\u00e5n hemmet arbetar hemma men laboratoriepersonalen \u00e4r p\u00e5 plats.<\/p>\n<p><a class=\"read-more\" href=\"https:\/\/nanexa.com\/sv\/mfn_news\/corona-situationen-paverkar-an-sa-lange-inte-nanexas-arbete\/\">L\u00e4s mer<\/a><\/p>\n","protected":false},"template":"","class_list":["post-3798","mfn_news","type-mfn_news","status-publish","hentry","mfn-news-tag-mfn-ci_sv","mfn-news-tag-mfn-type-ir_sv","mfn-news-tag-mfn_sv","mfn-news-tag-mfn-ci-other_sv","mfn-news-tag-mfn-lang-sv_sv"],"acf":[],"yoast_head":"<!-- This site is optimized with the Yoast SEO plugin v27.5 - https:\/\/yoast.com\/product\/yoast-seo-wordpress\/ -->\n<title>Corona-situationen p\u00e5verkar \u00e4n s\u00e5 l\u00e4nge inte Nanexas arbete - Nanexa AB<\/title>\n<meta name=\"robots\" content=\"index, follow, max-snippet:-1, max-image-preview:large, max-video-preview:-1\" \/>\n<link rel=\"canonical\" href=\"https:\/\/nanexa.com\/mfn_news\/corona-situationen-paverkar-an-sa-lange-inte-nanexas-arbete\/\" \/>\n<meta property=\"og:locale\" content=\"sv_SE\" \/>\n<meta property=\"og:type\" content=\"article\" \/>\n<meta property=\"og:title\" content=\"Corona-situationen p\u00e5verkar \u00e4n s\u00e5 l\u00e4nge inte Nanexas arbete - Nanexa AB\" \/>\n<meta property=\"og:description\" content=\"Nanexa har vidtagit de f\u00f6rsiktighets\u00e5tg\u00e4rder som vi bed\u00f6mer beh\u00f6vs f\u00f6r att s\u00e4kerst\u00e4lla att arbetet p\u00e5verkas s\u00e5 lite som m\u00f6jligt av virusutbrottet. De personer i organisationen som har arbetsuppgifter som kan utf\u00f6ras fr\u00e5n hemmet arbetar hemma men laboratoriepersonalen \u00e4r p\u00e5 plats.L\u00e4s mer\" \/>\n<meta property=\"og:url\" content=\"https:\/\/nanexa.com\/mfn_news\/corona-situationen-paverkar-an-sa-lange-inte-nanexas-arbete\/\" \/>\n<meta property=\"og:site_name\" content=\"Nanexa AB\" \/>\n<meta property=\"article:modified_time\" content=\"2020-06-26T12:16:20+00:00\" \/>\n<meta name=\"twitter:card\" content=\"summary_large_image\" \/>\n<meta name=\"twitter:label1\" content=\"Ber\u00e4knad l\u00e4stid\" \/>\n\t<meta name=\"twitter:data1\" content=\"1 minut\" \/>\n<script type=\"application\/ld+json\" class=\"yoast-schema-graph\">{\"@context\":\"https:\\\/\\\/schema.org\",\"@graph\":[{\"@type\":\"WebPage\",\"@id\":\"https:\\\/\\\/nanexa.com\\\/mfn_news\\\/corona-situationen-paverkar-an-sa-lange-inte-nanexas-arbete\\\/\",\"url\":\"https:\\\/\\\/nanexa.com\\\/mfn_news\\\/corona-situationen-paverkar-an-sa-lange-inte-nanexas-arbete\\\/\",\"name\":\"Corona-situationen p\u00e5verkar \u00e4n s\u00e5 l\u00e4nge inte Nanexas arbete - Nanexa AB\",\"isPartOf\":{\"@id\":\"https:\\\/\\\/nanexa.com\\\/#website\"},\"datePublished\":\"2020-03-20T07:24:55+00:00\",\"dateModified\":\"2020-06-26T12:16:20+00:00\",\"breadcrumb\":{\"@id\":\"https:\\\/\\\/nanexa.com\\\/mfn_news\\\/corona-situationen-paverkar-an-sa-lange-inte-nanexas-arbete\\\/#breadcrumb\"},\"inLanguage\":\"sv-SE\",\"potentialAction\":[{\"@type\":\"ReadAction\",\"target\":[\"https:\\\/\\\/nanexa.com\\\/mfn_news\\\/corona-situationen-paverkar-an-sa-lange-inte-nanexas-arbete\\\/\"]}]},{\"@type\":\"BreadcrumbList\",\"@id\":\"https:\\\/\\\/nanexa.com\\\/mfn_news\\\/corona-situationen-paverkar-an-sa-lange-inte-nanexas-arbete\\\/#breadcrumb\",\"itemListElement\":[{\"@type\":\"ListItem\",\"position\":1,\"name\":\"Hem\",\"item\":\"https:\\\/\\\/nanexa.com\\\/sv\\\/\"},{\"@type\":\"ListItem\",\"position\":2,\"name\":\"MFN News Items\",\"item\":\"https:\\\/\\\/nanexa.com\\\/mfn_news\\\/\"},{\"@type\":\"ListItem\",\"position\":3,\"name\":\"Corona-situationen p\u00e5verkar \u00e4n s\u00e5 l\u00e4nge inte Nanexas arbete\"}]},{\"@type\":\"WebSite\",\"@id\":\"https:\\\/\\\/nanexa.com\\\/#website\",\"url\":\"https:\\\/\\\/nanexa.com\\\/\",\"name\":\"Nanexa AB\",\"description\":\"\",\"publisher\":{\"@id\":\"https:\\\/\\\/nanexa.com\\\/#organization\"},\"potentialAction\":[{\"@type\":\"SearchAction\",\"target\":{\"@type\":\"EntryPoint\",\"urlTemplate\":\"https:\\\/\\\/nanexa.com\\\/?s={search_term_string}\"},\"query-input\":{\"@type\":\"PropertyValueSpecification\",\"valueRequired\":true,\"valueName\":\"search_term_string\"}}],\"inLanguage\":\"sv-SE\"},{\"@type\":\"Organization\",\"@id\":\"https:\\\/\\\/nanexa.com\\\/#organization\",\"name\":\"Nanexa AB\",\"url\":\"https:\\\/\\\/nanexa.com\\\/\",\"logo\":{\"@type\":\"ImageObject\",\"inLanguage\":\"sv-SE\",\"@id\":\"https:\\\/\\\/nanexa.com\\\/#\\\/schema\\\/logo\\\/image\\\/\",\"url\":\"https:\\\/\\\/nanexa.com\\\/wp-content\\\/uploads\\\/2015\\\/04\\\/nanexa-logo.png\",\"contentUrl\":\"https:\\\/\\\/nanexa.com\\\/wp-content\\\/uploads\\\/2015\\\/04\\\/nanexa-logo.png\",\"width\":165,\"height\":50,\"caption\":\"Nanexa AB\"},\"image\":{\"@id\":\"https:\\\/\\\/nanexa.com\\\/#\\\/schema\\\/logo\\\/image\\\/\"}}]}<\/script>\n<!-- \/ Yoast SEO plugin. -->","yoast_head_json":{"title":"Corona-situationen p\u00e5verkar \u00e4n s\u00e5 l\u00e4nge inte Nanexas arbete - Nanexa AB","robots":{"index":"index","follow":"follow","max-snippet":"max-snippet:-1","max-image-preview":"max-image-preview:large","max-video-preview":"max-video-preview:-1"},"canonical":"https:\/\/nanexa.com\/mfn_news\/corona-situationen-paverkar-an-sa-lange-inte-nanexas-arbete\/","og_locale":"sv_SE","og_type":"article","og_title":"Corona-situationen p\u00e5verkar \u00e4n s\u00e5 l\u00e4nge inte Nanexas arbete - Nanexa AB","og_description":"Nanexa har vidtagit de f\u00f6rsiktighets\u00e5tg\u00e4rder som vi bed\u00f6mer beh\u00f6vs f\u00f6r att s\u00e4kerst\u00e4lla att arbetet p\u00e5verkas s\u00e5 lite som m\u00f6jligt av virusutbrottet. De personer i organisationen som har arbetsuppgifter som kan utf\u00f6ras fr\u00e5n hemmet arbetar hemma men laboratoriepersonalen \u00e4r p\u00e5 plats.L\u00e4s mer","og_url":"https:\/\/nanexa.com\/mfn_news\/corona-situationen-paverkar-an-sa-lange-inte-nanexas-arbete\/","og_site_name":"Nanexa AB","article_modified_time":"2020-06-26T12:16:20+00:00","twitter_card":"summary_large_image","twitter_misc":{"Ber\u00e4knad l\u00e4stid":"1 minut"},"schema":{"@context":"https:\/\/schema.org","@graph":[{"@type":"WebPage","@id":"https:\/\/nanexa.com\/mfn_news\/corona-situationen-paverkar-an-sa-lange-inte-nanexas-arbete\/","url":"https:\/\/nanexa.com\/mfn_news\/corona-situationen-paverkar-an-sa-lange-inte-nanexas-arbete\/","name":"Corona-situationen p\u00e5verkar \u00e4n s\u00e5 l\u00e4nge inte Nanexas arbete - Nanexa AB","isPartOf":{"@id":"https:\/\/nanexa.com\/#website"},"datePublished":"2020-03-20T07:24:55+00:00","dateModified":"2020-06-26T12:16:20+00:00","breadcrumb":{"@id":"https:\/\/nanexa.com\/mfn_news\/corona-situationen-paverkar-an-sa-lange-inte-nanexas-arbete\/#breadcrumb"},"inLanguage":"sv-SE","potentialAction":[{"@type":"ReadAction","target":["https:\/\/nanexa.com\/mfn_news\/corona-situationen-paverkar-an-sa-lange-inte-nanexas-arbete\/"]}]},{"@type":"BreadcrumbList","@id":"https:\/\/nanexa.com\/mfn_news\/corona-situationen-paverkar-an-sa-lange-inte-nanexas-arbete\/#breadcrumb","itemListElement":[{"@type":"ListItem","position":1,"name":"Hem","item":"https:\/\/nanexa.com\/sv\/"},{"@type":"ListItem","position":2,"name":"MFN News Items","item":"https:\/\/nanexa.com\/mfn_news\/"},{"@type":"ListItem","position":3,"name":"Corona-situationen p\u00e5verkar \u00e4n s\u00e5 l\u00e4nge inte Nanexas arbete"}]},{"@type":"WebSite","@id":"https:\/\/nanexa.com\/#website","url":"https:\/\/nanexa.com\/","name":"Nanexa AB","description":"","publisher":{"@id":"https:\/\/nanexa.com\/#organization"},"potentialAction":[{"@type":"SearchAction","target":{"@type":"EntryPoint","urlTemplate":"https:\/\/nanexa.com\/?s={search_term_string}"},"query-input":{"@type":"PropertyValueSpecification","valueRequired":true,"valueName":"search_term_string"}}],"inLanguage":"sv-SE"},{"@type":"Organization","@id":"https:\/\/nanexa.com\/#organization","name":"Nanexa AB","url":"https:\/\/nanexa.com\/","logo":{"@type":"ImageObject","inLanguage":"sv-SE","@id":"https:\/\/nanexa.com\/#\/schema\/logo\/image\/","url":"https:\/\/nanexa.com\/wp-content\/uploads\/2015\/04\/nanexa-logo.png","contentUrl":"https:\/\/nanexa.com\/wp-content\/uploads\/2015\/04\/nanexa-logo.png","width":165,"height":50,"caption":"Nanexa AB"},"image":{"@id":"https:\/\/nanexa.com\/#\/schema\/logo\/image\/"}}]}},"_links":{"self":[{"href":"https:\/\/nanexa.com\/sv\/wp-json\/wp\/v2\/mfn_news\/3798","targetHints":{"allow":["GET"]}}],"collection":[{"href":"https:\/\/nanexa.com\/sv\/wp-json\/wp\/v2\/mfn_news"}],"about":[{"href":"https:\/\/nanexa.com\/sv\/wp-json\/wp\/v2\/types\/mfn_news"}],"wp:attachment":[{"href":"https:\/\/nanexa.com\/sv\/wp-json\/wp\/v2\/media?parent=3798"}],"curies":[{"name":"wp","href":"https:\/\/api.w.org\/{rel}","templated":true}]}}