{"id":3801,"date":"2020-02-24T11:57:51","date_gmt":"2020-02-24T10:57:51","guid":{"rendered":"https:\/\/www.nanexa.com\/mfn_news\/ledande-personer-i-nanexa-tecknar-sina-andelar-i-nuvarande-foretradesemission\/"},"modified":"2020-06-26T14:16:50","modified_gmt":"2020-06-26T12:16:50","slug":"ledande-personer-i-nanexa-tecknar-sina-andelar-i-nuvarande-foretradesemission","status":"publish","type":"mfn_news","link":"https:\/\/nanexa.com\/sv\/mfn_news\/ledande-personer-i-nanexa-tecknar-sina-andelar-i-nuvarande-foretradesemission\/","title":{"rendered":"Ledande personer i Nanexa tecknar sina andelar i nuvarande f\u00f6retr\u00e4desemission"},"content":{"rendered":"<div class=\"mfn-preamble\"><strong><\/strong><\/div>\n<p><span><span>Idag meddelas att l\u00e4kemedelsbolaget Nanexas VD David Westberg samt styrelseledam\u00f6ter tecknar sina andelar i den p\u00e5g\u00e5ende f\u00f6retr\u00e4desemissionen. F\u00f6retr\u00e4desemissionen tecknas fram till och med den 25 februari.<\/span><\/span><\/p>\n<p><span><span>F\u00f6r mer information kontakta:<br \/>\nDavid Westberg\u00a0&#8211;\u00a0VD, Nanexa AB (publ)Telefon: 0709 &#8211; 42 83 03<br \/>\nE-post: david.westberg@nanexa.se www.nanexa.com<\/span><\/span><\/p>\n<p><span><span>Om Nanexa AB (publ)<\/span><\/span><\/p>\n<p><span><span>Nanexa AB \u00e4r ett nanoteknologiskt drug delivery-f\u00f6retag som fokuserar p\u00e5 utvecklingen av PharmaShell\u00ae som \u00e4r ett nytt och banbrytande drug delivery-system som bed\u00f6ms ha en stor potential inom ett flertal substanstyper och indikationsomr\u00e5den. Inom ramen f\u00f6r PharmaShell\u00ae utvecklar Nanexa egna projekt och har samarbetsavtal med flera l\u00e4kemedelsbolag, d\u00e4ribland AstraZeneca.<\/span><\/span><\/p>\n<p><span><strong><\/strong><\/span><\/p>\n<p><span><strong><\/strong><\/span><\/p>\n<div class=\"mfn-footer mfn-attachment\">\n<p><strong>Bifogade filer<\/strong><\/p>\n<hr\/>\n<p><a href=\"https:\/\/mb.cision.com\/Main\/12591\/3043202\/1199468.pdf\" target=\"_blank\" rel=\"nofollow noopener noreferrer\">Release<\/a><\/p>\n<\/div>\n<div class=\"mfn-footer\"><\/div>\n","protected":false},"excerpt":{"rendered":"<p>Idag meddelas att l\u00e4kemedelsbolaget Nanexas VD David Westberg samt styrelseledam\u00f6ter tecknar sina andelar i den p\u00e5g\u00e5ende f\u00f6retr\u00e4desemissionen. F\u00f6retr\u00e4desemissionen tecknas fram till och med den 25 februari.<\/p>\n<p>F\u00f6r mer information kontakta:<br \/>\nDavid Westberg\u00a0&#8211;\u00a0<\/p>\n<p><a class=\"read-more\" href=\"https:\/\/nanexa.com\/sv\/mfn_news\/ledande-personer-i-nanexa-tecknar-sina-andelar-i-nuvarande-foretradesemission\/\">L\u00e4s mer<\/a><\/p>\n","protected":false},"template":"","class_list":["post-3801","mfn_news","type-mfn_news","status-publish","hentry","mfn-news-tag-mfn-ci_sv","mfn-news-tag-mfn-type-ir_sv","mfn-news-tag-mfn_sv","mfn-news-tag-mfn-ci-other_sv","mfn-news-tag-mfn-lang-sv_sv"],"acf":[],"yoast_head":"<!-- This site is optimized with the Yoast SEO plugin v27.5 - https:\/\/yoast.com\/product\/yoast-seo-wordpress\/ -->\n<title>Ledande personer i Nanexa tecknar sina andelar i nuvarande f\u00f6retr\u00e4desemission - Nanexa AB<\/title>\n<meta name=\"robots\" content=\"index, follow, max-snippet:-1, max-image-preview:large, max-video-preview:-1\" \/>\n<link rel=\"canonical\" href=\"https:\/\/nanexa.com\/mfn_news\/ledande-personer-i-nanexa-tecknar-sina-andelar-i-nuvarande-foretradesemission\/\" \/>\n<meta property=\"og:locale\" content=\"sv_SE\" \/>\n<meta property=\"og:type\" content=\"article\" \/>\n<meta property=\"og:title\" content=\"Ledande personer i Nanexa tecknar sina andelar i nuvarande f\u00f6retr\u00e4desemission - Nanexa AB\" \/>\n<meta property=\"og:description\" content=\"Idag meddelas att l\u00e4kemedelsbolaget Nanexas VD David Westberg samt styrelseledam\u00f6ter tecknar sina andelar i den p\u00e5g\u00e5ende f\u00f6retr\u00e4desemissionen. F\u00f6retr\u00e4desemissionen tecknas fram till och med den 25 februari. F\u00f6r mer information kontakta: David Westberg\u00a0&#8211;\u00a0L\u00e4s mer\" \/>\n<meta property=\"og:url\" content=\"https:\/\/nanexa.com\/mfn_news\/ledande-personer-i-nanexa-tecknar-sina-andelar-i-nuvarande-foretradesemission\/\" \/>\n<meta property=\"og:site_name\" content=\"Nanexa AB\" \/>\n<meta property=\"article:modified_time\" content=\"2020-06-26T12:16:50+00:00\" \/>\n<meta name=\"twitter:card\" content=\"summary_large_image\" \/>\n<meta name=\"twitter:label1\" content=\"Ber\u00e4knad l\u00e4stid\" \/>\n\t<meta name=\"twitter:data1\" content=\"1 minut\" \/>\n<script type=\"application\/ld+json\" class=\"yoast-schema-graph\">{\"@context\":\"https:\\\/\\\/schema.org\",\"@graph\":[{\"@type\":\"WebPage\",\"@id\":\"https:\\\/\\\/nanexa.com\\\/mfn_news\\\/ledande-personer-i-nanexa-tecknar-sina-andelar-i-nuvarande-foretradesemission\\\/\",\"url\":\"https:\\\/\\\/nanexa.com\\\/mfn_news\\\/ledande-personer-i-nanexa-tecknar-sina-andelar-i-nuvarande-foretradesemission\\\/\",\"name\":\"Ledande personer i Nanexa tecknar sina andelar i nuvarande f\u00f6retr\u00e4desemission - Nanexa AB\",\"isPartOf\":{\"@id\":\"https:\\\/\\\/nanexa.com\\\/#website\"},\"datePublished\":\"2020-02-24T10:57:51+00:00\",\"dateModified\":\"2020-06-26T12:16:50+00:00\",\"breadcrumb\":{\"@id\":\"https:\\\/\\\/nanexa.com\\\/mfn_news\\\/ledande-personer-i-nanexa-tecknar-sina-andelar-i-nuvarande-foretradesemission\\\/#breadcrumb\"},\"inLanguage\":\"sv-SE\",\"potentialAction\":[{\"@type\":\"ReadAction\",\"target\":[\"https:\\\/\\\/nanexa.com\\\/mfn_news\\\/ledande-personer-i-nanexa-tecknar-sina-andelar-i-nuvarande-foretradesemission\\\/\"]}]},{\"@type\":\"BreadcrumbList\",\"@id\":\"https:\\\/\\\/nanexa.com\\\/mfn_news\\\/ledande-personer-i-nanexa-tecknar-sina-andelar-i-nuvarande-foretradesemission\\\/#breadcrumb\",\"itemListElement\":[{\"@type\":\"ListItem\",\"position\":1,\"name\":\"Hem\",\"item\":\"https:\\\/\\\/nanexa.com\\\/sv\\\/\"},{\"@type\":\"ListItem\",\"position\":2,\"name\":\"MFN News Items\",\"item\":\"https:\\\/\\\/nanexa.com\\\/mfn_news\\\/\"},{\"@type\":\"ListItem\",\"position\":3,\"name\":\"Ledande personer i Nanexa tecknar sina andelar i nuvarande f\u00f6retr\u00e4desemission\"}]},{\"@type\":\"WebSite\",\"@id\":\"https:\\\/\\\/nanexa.com\\\/#website\",\"url\":\"https:\\\/\\\/nanexa.com\\\/\",\"name\":\"Nanexa AB\",\"description\":\"\",\"publisher\":{\"@id\":\"https:\\\/\\\/nanexa.com\\\/#organization\"},\"potentialAction\":[{\"@type\":\"SearchAction\",\"target\":{\"@type\":\"EntryPoint\",\"urlTemplate\":\"https:\\\/\\\/nanexa.com\\\/?s={search_term_string}\"},\"query-input\":{\"@type\":\"PropertyValueSpecification\",\"valueRequired\":true,\"valueName\":\"search_term_string\"}}],\"inLanguage\":\"sv-SE\"},{\"@type\":\"Organization\",\"@id\":\"https:\\\/\\\/nanexa.com\\\/#organization\",\"name\":\"Nanexa AB\",\"url\":\"https:\\\/\\\/nanexa.com\\\/\",\"logo\":{\"@type\":\"ImageObject\",\"inLanguage\":\"sv-SE\",\"@id\":\"https:\\\/\\\/nanexa.com\\\/#\\\/schema\\\/logo\\\/image\\\/\",\"url\":\"https:\\\/\\\/nanexa.com\\\/wp-content\\\/uploads\\\/2015\\\/04\\\/nanexa-logo.png\",\"contentUrl\":\"https:\\\/\\\/nanexa.com\\\/wp-content\\\/uploads\\\/2015\\\/04\\\/nanexa-logo.png\",\"width\":165,\"height\":50,\"caption\":\"Nanexa AB\"},\"image\":{\"@id\":\"https:\\\/\\\/nanexa.com\\\/#\\\/schema\\\/logo\\\/image\\\/\"}}]}<\/script>\n<!-- \/ Yoast SEO plugin. -->","yoast_head_json":{"title":"Ledande personer i Nanexa tecknar sina andelar i nuvarande f\u00f6retr\u00e4desemission - Nanexa AB","robots":{"index":"index","follow":"follow","max-snippet":"max-snippet:-1","max-image-preview":"max-image-preview:large","max-video-preview":"max-video-preview:-1"},"canonical":"https:\/\/nanexa.com\/mfn_news\/ledande-personer-i-nanexa-tecknar-sina-andelar-i-nuvarande-foretradesemission\/","og_locale":"sv_SE","og_type":"article","og_title":"Ledande personer i Nanexa tecknar sina andelar i nuvarande f\u00f6retr\u00e4desemission - Nanexa AB","og_description":"Idag meddelas att l\u00e4kemedelsbolaget Nanexas VD David Westberg samt styrelseledam\u00f6ter tecknar sina andelar i den p\u00e5g\u00e5ende f\u00f6retr\u00e4desemissionen. F\u00f6retr\u00e4desemissionen tecknas fram till och med den 25 februari. F\u00f6r mer information kontakta: David Westberg\u00a0&#8211;\u00a0L\u00e4s mer","og_url":"https:\/\/nanexa.com\/mfn_news\/ledande-personer-i-nanexa-tecknar-sina-andelar-i-nuvarande-foretradesemission\/","og_site_name":"Nanexa AB","article_modified_time":"2020-06-26T12:16:50+00:00","twitter_card":"summary_large_image","twitter_misc":{"Ber\u00e4knad l\u00e4stid":"1 minut"},"schema":{"@context":"https:\/\/schema.org","@graph":[{"@type":"WebPage","@id":"https:\/\/nanexa.com\/mfn_news\/ledande-personer-i-nanexa-tecknar-sina-andelar-i-nuvarande-foretradesemission\/","url":"https:\/\/nanexa.com\/mfn_news\/ledande-personer-i-nanexa-tecknar-sina-andelar-i-nuvarande-foretradesemission\/","name":"Ledande personer i Nanexa tecknar sina andelar i nuvarande f\u00f6retr\u00e4desemission - Nanexa AB","isPartOf":{"@id":"https:\/\/nanexa.com\/#website"},"datePublished":"2020-02-24T10:57:51+00:00","dateModified":"2020-06-26T12:16:50+00:00","breadcrumb":{"@id":"https:\/\/nanexa.com\/mfn_news\/ledande-personer-i-nanexa-tecknar-sina-andelar-i-nuvarande-foretradesemission\/#breadcrumb"},"inLanguage":"sv-SE","potentialAction":[{"@type":"ReadAction","target":["https:\/\/nanexa.com\/mfn_news\/ledande-personer-i-nanexa-tecknar-sina-andelar-i-nuvarande-foretradesemission\/"]}]},{"@type":"BreadcrumbList","@id":"https:\/\/nanexa.com\/mfn_news\/ledande-personer-i-nanexa-tecknar-sina-andelar-i-nuvarande-foretradesemission\/#breadcrumb","itemListElement":[{"@type":"ListItem","position":1,"name":"Hem","item":"https:\/\/nanexa.com\/sv\/"},{"@type":"ListItem","position":2,"name":"MFN News Items","item":"https:\/\/nanexa.com\/mfn_news\/"},{"@type":"ListItem","position":3,"name":"Ledande personer i Nanexa tecknar sina andelar i nuvarande f\u00f6retr\u00e4desemission"}]},{"@type":"WebSite","@id":"https:\/\/nanexa.com\/#website","url":"https:\/\/nanexa.com\/","name":"Nanexa AB","description":"","publisher":{"@id":"https:\/\/nanexa.com\/#organization"},"potentialAction":[{"@type":"SearchAction","target":{"@type":"EntryPoint","urlTemplate":"https:\/\/nanexa.com\/?s={search_term_string}"},"query-input":{"@type":"PropertyValueSpecification","valueRequired":true,"valueName":"search_term_string"}}],"inLanguage":"sv-SE"},{"@type":"Organization","@id":"https:\/\/nanexa.com\/#organization","name":"Nanexa AB","url":"https:\/\/nanexa.com\/","logo":{"@type":"ImageObject","inLanguage":"sv-SE","@id":"https:\/\/nanexa.com\/#\/schema\/logo\/image\/","url":"https:\/\/nanexa.com\/wp-content\/uploads\/2015\/04\/nanexa-logo.png","contentUrl":"https:\/\/nanexa.com\/wp-content\/uploads\/2015\/04\/nanexa-logo.png","width":165,"height":50,"caption":"Nanexa AB"},"image":{"@id":"https:\/\/nanexa.com\/#\/schema\/logo\/image\/"}}]}},"_links":{"self":[{"href":"https:\/\/nanexa.com\/sv\/wp-json\/wp\/v2\/mfn_news\/3801","targetHints":{"allow":["GET"]}}],"collection":[{"href":"https:\/\/nanexa.com\/sv\/wp-json\/wp\/v2\/mfn_news"}],"about":[{"href":"https:\/\/nanexa.com\/sv\/wp-json\/wp\/v2\/types\/mfn_news"}],"wp:attachment":[{"href":"https:\/\/nanexa.com\/sv\/wp-json\/wp\/v2\/media?parent=3801"}],"curies":[{"name":"wp","href":"https:\/\/api.w.org\/{rel}","templated":true}]}}