{"id":3809,"date":"2020-01-15T13:03:05","date_gmt":"2020-01-15T12:03:05","guid":{"rendered":"https:\/\/www.nanexa.com\/mfn_news\/nanexas-vd-david-westberg-kommenterar-och-summerar-2019\/"},"modified":"2020-06-26T14:18:14","modified_gmt":"2020-06-26T12:18:14","slug":"nanexas-vd-david-westberg-kommenterar-och-summerar-2019","status":"publish","type":"mfn_news","link":"https:\/\/nanexa.com\/sv\/mfn_news\/nanexas-vd-david-westberg-kommenterar-och-summerar-2019\/","title":{"rendered":"Nanexas VD David Westberg kommenterar och summerar 2019."},"content":{"rendered":"<div class=\"mfn-preamble\"><strong><\/strong><\/div>\n<p><span><span>I april f\u00f6rra \u00e5ret kommunicerade jag i ett nyhetsbrev att 2019 hade inletts p\u00e5 b\u00e4sta m\u00f6jliga s\u00e4tt, och nu kan jag gl\u00e4djande nog konstatera att \u00e4ven forts\u00e4ttningen p\u00e5 \u00e5ret f\u00f6rl\u00f6pte i samma positiva anda. Nedan f\u00f6ljer ett axplock av h\u00e4ndelser som jag tycker har varit speciellt positiva f\u00f6r utvecklingen av Nanexa.<\/span><\/span><\/p>\n<p><span><span>Under 2019 har arbetet med v\u00e5rt eget produktprojekt NEX-18 accelererats avsev\u00e4rt och vi r\u00e4knar med att kunna g\u00e5 in i klinisk fas under 2020. Under \u00e5ret har vi l\u00e5tit utf\u00f6ra ett flertal intervjuer med b\u00e5de s\u00e5 kallade\u00a0Key Opinion Leaders\u00a0(d v s v\u00e4rldsledande experter p\u00e5 omr\u00e5det) samt med betalande instanser, s\u00e5som f\u00f6rs\u00e4kringsbolag, i USA. Vi har genomg\u00e5ende f\u00e5tt v\u00e4ldigt positivt gensvar r\u00f6rande NEX-18, n\u00e5got som givetvis st\u00e4rkes oss i v\u00e5r \u00f6vertygelse om att projektet ska kunna bli en framg\u00e5ng.<\/span><\/span><\/p>\n<p><span><span>Under 2019 levererade vi positiva resultat i samtliga befintliga samarbeten och v\u00e5ra partners har ocks\u00e5 ut\u00f6kat samarbetena med oss f\u00f6r att n\u00e4rma sig en mer omfattande produktutvecklingsfas. Vi skrev ocks\u00e5 avtal om nya samarbeten med globala l\u00e4kemedelsf\u00f6retag och \u00e4ven dessa l\u00f6per p\u00e5 som planerat.<\/span><\/span><\/p>\n<p><span><span>Vi har ocks\u00e5 under 2019 jobbat med utvecklingen av v\u00e5rt drug delivery-system PharmaShell\u00ae. Utvecklingsarbetet drivs bl.a. genom att genomf\u00f6ra djurstudier, b\u00e5de egna och inom v\u00e5ra partnerdrivna projekt. Under \u00e5ret fick vi bl. a. bekr\u00e4ftat att PharmaShell\u00ae fungerar som drug delivery- system f\u00f6r biologiska l\u00e4kemedel, s\u00e5som peptider och vi visade ocks\u00e5 i labf\u00f6rs\u00f6k att vi kan applicera PharmaShell\u00ae\u00a0p\u00e5 proteiner. Sektorn f\u00f6r biologiska l\u00e4kemedel \u00e4r en av de mest expansiva inom den globala l\u00e4kemedelsutvecklingen och i m\u00e5nga fall \u00e4r det komplicerat att l\u00f6sa administreringen till patienter med dessa l\u00e4kemedel. Med PharmaShell\u00ae\u00a0\u00f6ppnas helt nya m\u00f6jligheter f\u00f6r biologiska l\u00e4kemedel, vilket ger oss en unik position p\u00e5 marknaden.<\/span><\/span><\/p>\n<p><span><span>I b\u00f6rjan av 2019 fick vi v\u00e5rt grundpatent f\u00f6r PharmaShell\u00ae\u00a0godk\u00e4nt i USA. Detta f\u00f6ljdes av ett godk\u00e4nnande av patentet i Japan och i slutet av \u00e5ret fick vi \u00e4ven ett ut\u00f6kat patent p\u00e5 PharmaShell\u00ae i USA. Det ut\u00f6kade patentet innefattar alla administreringsformer av PharmaShell\u00ae-f\u00f6rsedda l\u00e4kemedel. Vi jobbar ocks\u00e5 vidare med v\u00e5r patentportf\u00f6lj och l\u00e4mnade under \u00e5ret in ytterligare tv\u00e5 patentans\u00f6kningar. Dessa avser formuleringar som inkluderar PharmaShell\u00ae\u00a0och \u00e4ven utrustning f\u00f6r produktion och uppskalning.<\/span><\/span><\/p>\n<p><span><span>Ett stort arbete som gjorts under 2019 \u00e4r f\u00f6rberedelserna f\u00f6r att skapa en GMP-anl\u00e4ggning. Med en s\u00e5dan anl\u00e4ggning m\u00f6jligg\u00f6rs produktion av PharmaShell\u00ae-belagda l\u00e4kemedel f\u00f6r kliniska studier, b\u00e5de f\u00f6r v\u00e5rt eget projekt NEX-18 och f\u00f6r v\u00e5ra partnerprojekt. M\u00f6jligheten att producera kliniskt pr\u00f6vningsmaterial \u00e4r n\u00e5got som efterfr\u00e5gas av flera av v\u00e5ra samarbetspartners och n\u00e4r anl\u00e4ggningen \u00e4r p\u00e5 plats under 2020 s\u00e5 \u00e4r vi, oss veterligen, det enda GMP-certifierade ALD-labbet i v\u00e4rlden.<\/span><\/span><\/p>\n<p><span><span>Nanexa har under 2019 ocks\u00e5 initierat diskussioner om ett samarbete med en industriell global partner<\/span><\/span><\/p>\n<p><span><span>f\u00f6r uppskalning av PharmaShell\u00ae-processen. Vi har stora f\u00f6rhoppningar om att detta ska kunna p\u00e5skynda uppskalningsarbetet och med det p\u00e5visa m\u00f6jligheten att producera PharmaShell\u00ae\u00a0i en kommersiell produktionsskala. Detta \u00e4r n\u00e5got som liksom ett GMP-klassificerat ALD-labb efterfr\u00e5gas av l\u00e4kemedelsbolagen.<\/span><\/span><\/p>\n<p><span><span>I maj publicerade vi en vetenskaplig artikel tillsammans med AstraZeneca. Artikeln har f\u00e5tt stor uppm\u00e4rksamhet och genom den har vi ocks\u00e5 b\u00f6rjat synas i mer vetenskapliga sammanhang. Personer i beslutande st\u00e4llning i l\u00e4kemedelsbolagen har god koll p\u00e5 den vetenskapliga litteraturen och vi har tydligt noterat att v\u00e5r publicerade artikel gjort avtryck inom drug delivery-omr\u00e5det. Publiceringar i vetenskapliga tidskrifter \u00e4r n\u00e5got vi kommer forts\u00e4tta med och vi har fler artiklar p\u00e5 g\u00e5ng, b\u00e5de med samarbetspartners och p\u00e5 egen hand.<\/span><\/span><\/p>\n<p><span><span>Nanexas organisation har f\u00f6rst\u00e4rkts avsev\u00e4rt under 2019. Under \u00e5ret anst\u00e4llde vi tv\u00e5 personer och ytterligare tv\u00e5 personer anst\u00e4lldes alldeles i inledningen av 2020. Vidare har vi kopplat ett stort antal v\u00e4rldsledande konsulter med specifika spetskompetenser till oss. Nanexa har genom dessa rekryteringar f\u00f6rst\u00e4rkts b\u00e5de avseende kapacitet p\u00e5 labbet samt med n\u00f6dv\u00e4ndig spetskompetens inom l\u00e4kemedelsomr\u00e5det.<\/span><\/span><\/p>\n<p><span><span>Avslutningsvis vill jag \u00e4ven ber\u00e4tta att vi under \u00e5ret fortsatt att jobba med marknadsf\u00f6ring av Nanexa och PharmaShell\u00ae. Detta g\u00f6rs framf\u00f6rallt genom deltagande p\u00e5 internationella s\u00e5 kallade partnering- konferenser.Hittills har det skapat avtal med sex partners om utv\u00e4rdering av PharmaShell\u00ae. Genom tillg\u00e5ng till mer data fr\u00e5n djurstudier och v\u00e5r m\u00f6jlighet att nu kunna erbjuda tillverkning av material i v\u00e5r GMP-anl\u00e4ggning till kliniska studier st\u00e4rker vi v\u00e5r position fram\u00e5t ytterligare.<\/span><\/span><\/p>\n<p><span><span>Nu ser jag fram emot alla aktiviteter vi har planerade f\u00f6r 2020. Med v\u00e5r f\u00f6rst\u00e4rkta personalstyrka och v\u00e5ra hittills lyckade resultat f\u00f6rv\u00e4ntar jag mig ett bra \u00e5r.<\/span><\/span><\/p>\n<p><span><span>David Westberg, VD f\u00f6r Nanexa AB<\/span><\/span><\/p>\n<p><span><span>F\u00f6r mer information kontakta:<br \/>\nDavid Westberg\u00a0&#8211;\u00a0VD, Nanexa AB (publ)Telefon: 0709 &#8211; 42 83 03<br \/>\nE-post: david.westberg@nanexa.se www.nanexa.com<\/span><\/span><\/p>\n<p><span><span>Om Nanexa AB (publ)<\/span><\/span><\/p>\n<p><span><span>Nanexa AB\u00a0r ett nanoteknologiskt drug delivery-fretag som fokuserar putvecklingen av PharmaShell\u00ae\u00a0som\u00a0r ett nytt och banbrytande drug delivery-system som bedms ha en stor potential inom ett flertal substanstyper och indikationsomrden. Inom ramen fr PharmaShell\u00ae\u00a0utvecklar Nanexa egna projekt och har samarbetsavtal med flera lkemedelsbolag, dribland AstraZeneca.<\/span><\/span><\/p>\n<p><span><strong><\/strong><\/span><\/p>\n<p><span><strong><\/strong><\/span><\/p>\n<div class=\"mfn-footer mfn-attachment\">\n<p><strong>Bifogade filer<\/strong><\/p>\n<hr\/>\n<p><a href=\"http:\/\/publish.ne.cision.com\/\/Release\/ViewReleaseHtml\/7A50FDD1E2C5CA5FE0C856B0705FC7D6\" target=\"_blank\" rel=\"nofollow noopener noreferrer\">Read as PDF<\/a><br \/><a href=\"https:\/\/mb.cision.com\/Main\/12591\/3009228\/1174629.pdf\" target=\"_blank\" rel=\"nofollow noopener noreferrer\">Release<\/a><\/p>\n<\/div>\n<div class=\"mfn-footer\"><\/div>\n","protected":false},"excerpt":{"rendered":"<p>I april f\u00f6rra \u00e5ret kommunicerade jag i ett nyhetsbrev att 2019 hade inletts p\u00e5 b\u00e4sta m\u00f6jliga s\u00e4tt, och nu kan jag gl\u00e4djande nog konstatera att \u00e4ven forts\u00e4ttningen p\u00e5 \u00e5ret f\u00f6rl\u00f6pte i samma positiva anda.<\/p>\n<p><a class=\"read-more\" href=\"https:\/\/nanexa.com\/sv\/mfn_news\/nanexas-vd-david-westberg-kommenterar-och-summerar-2019\/\">L\u00e4s mer<\/a><\/p>\n","protected":false},"template":"","class_list":["post-3809","mfn_news","type-mfn_news","status-publish","hentry","mfn-news-tag-mfn-ci_sv","mfn-news-tag-mfn-type-ir_sv","mfn-news-tag-mfn_sv","mfn-news-tag-mfn-ci-other_sv","mfn-news-tag-mfn-lang-sv_sv"],"acf":[],"yoast_head":"<!-- This site is optimized with the Yoast SEO plugin v27.5 - https:\/\/yoast.com\/product\/yoast-seo-wordpress\/ -->\n<title>Nanexas VD David Westberg kommenterar och summerar 2019. - Nanexa AB<\/title>\n<meta name=\"robots\" content=\"index, follow, max-snippet:-1, max-image-preview:large, max-video-preview:-1\" \/>\n<link rel=\"canonical\" href=\"https:\/\/nanexa.com\/mfn_news\/nanexas-vd-david-westberg-kommenterar-och-summerar-2019\/\" \/>\n<meta property=\"og:locale\" content=\"sv_SE\" \/>\n<meta property=\"og:type\" content=\"article\" \/>\n<meta property=\"og:title\" content=\"Nanexas VD David Westberg kommenterar och summerar 2019. - Nanexa AB\" \/>\n<meta property=\"og:description\" content=\"I april f\u00f6rra \u00e5ret kommunicerade jag i ett nyhetsbrev att 2019 hade inletts p\u00e5 b\u00e4sta m\u00f6jliga s\u00e4tt, och nu kan jag gl\u00e4djande nog konstatera att \u00e4ven forts\u00e4ttningen p\u00e5 \u00e5ret f\u00f6rl\u00f6pte i samma positiva anda.L\u00e4s mer\" \/>\n<meta property=\"og:url\" content=\"https:\/\/nanexa.com\/mfn_news\/nanexas-vd-david-westberg-kommenterar-och-summerar-2019\/\" \/>\n<meta property=\"og:site_name\" content=\"Nanexa AB\" \/>\n<meta property=\"article:modified_time\" content=\"2020-06-26T12:18:14+00:00\" \/>\n<meta name=\"twitter:card\" content=\"summary_large_image\" \/>\n<meta name=\"twitter:label1\" content=\"Ber\u00e4knad l\u00e4stid\" \/>\n\t<meta name=\"twitter:data1\" content=\"5 minuter\" \/>\n<script type=\"application\/ld+json\" class=\"yoast-schema-graph\">{\"@context\":\"https:\\\/\\\/schema.org\",\"@graph\":[{\"@type\":\"WebPage\",\"@id\":\"https:\\\/\\\/nanexa.com\\\/mfn_news\\\/nanexas-vd-david-westberg-kommenterar-och-summerar-2019\\\/\",\"url\":\"https:\\\/\\\/nanexa.com\\\/mfn_news\\\/nanexas-vd-david-westberg-kommenterar-och-summerar-2019\\\/\",\"name\":\"Nanexas VD David Westberg kommenterar och summerar 2019. - Nanexa AB\",\"isPartOf\":{\"@id\":\"https:\\\/\\\/nanexa.com\\\/#website\"},\"datePublished\":\"2020-01-15T12:03:05+00:00\",\"dateModified\":\"2020-06-26T12:18:14+00:00\",\"breadcrumb\":{\"@id\":\"https:\\\/\\\/nanexa.com\\\/mfn_news\\\/nanexas-vd-david-westberg-kommenterar-och-summerar-2019\\\/#breadcrumb\"},\"inLanguage\":\"sv-SE\",\"potentialAction\":[{\"@type\":\"ReadAction\",\"target\":[\"https:\\\/\\\/nanexa.com\\\/mfn_news\\\/nanexas-vd-david-westberg-kommenterar-och-summerar-2019\\\/\"]}]},{\"@type\":\"BreadcrumbList\",\"@id\":\"https:\\\/\\\/nanexa.com\\\/mfn_news\\\/nanexas-vd-david-westberg-kommenterar-och-summerar-2019\\\/#breadcrumb\",\"itemListElement\":[{\"@type\":\"ListItem\",\"position\":1,\"name\":\"Hem\",\"item\":\"https:\\\/\\\/nanexa.com\\\/sv\\\/\"},{\"@type\":\"ListItem\",\"position\":2,\"name\":\"MFN News Items\",\"item\":\"https:\\\/\\\/nanexa.com\\\/mfn_news\\\/\"},{\"@type\":\"ListItem\",\"position\":3,\"name\":\"Nanexas VD David Westberg kommenterar och summerar 2019.\"}]},{\"@type\":\"WebSite\",\"@id\":\"https:\\\/\\\/nanexa.com\\\/#website\",\"url\":\"https:\\\/\\\/nanexa.com\\\/\",\"name\":\"Nanexa AB\",\"description\":\"\",\"publisher\":{\"@id\":\"https:\\\/\\\/nanexa.com\\\/#organization\"},\"potentialAction\":[{\"@type\":\"SearchAction\",\"target\":{\"@type\":\"EntryPoint\",\"urlTemplate\":\"https:\\\/\\\/nanexa.com\\\/?s={search_term_string}\"},\"query-input\":{\"@type\":\"PropertyValueSpecification\",\"valueRequired\":true,\"valueName\":\"search_term_string\"}}],\"inLanguage\":\"sv-SE\"},{\"@type\":\"Organization\",\"@id\":\"https:\\\/\\\/nanexa.com\\\/#organization\",\"name\":\"Nanexa AB\",\"url\":\"https:\\\/\\\/nanexa.com\\\/\",\"logo\":{\"@type\":\"ImageObject\",\"inLanguage\":\"sv-SE\",\"@id\":\"https:\\\/\\\/nanexa.com\\\/#\\\/schema\\\/logo\\\/image\\\/\",\"url\":\"https:\\\/\\\/nanexa.com\\\/wp-content\\\/uploads\\\/2015\\\/04\\\/nanexa-logo.png\",\"contentUrl\":\"https:\\\/\\\/nanexa.com\\\/wp-content\\\/uploads\\\/2015\\\/04\\\/nanexa-logo.png\",\"width\":165,\"height\":50,\"caption\":\"Nanexa AB\"},\"image\":{\"@id\":\"https:\\\/\\\/nanexa.com\\\/#\\\/schema\\\/logo\\\/image\\\/\"}}]}<\/script>\n<!-- \/ Yoast SEO plugin. -->","yoast_head_json":{"title":"Nanexas VD David Westberg kommenterar och summerar 2019. - Nanexa AB","robots":{"index":"index","follow":"follow","max-snippet":"max-snippet:-1","max-image-preview":"max-image-preview:large","max-video-preview":"max-video-preview:-1"},"canonical":"https:\/\/nanexa.com\/mfn_news\/nanexas-vd-david-westberg-kommenterar-och-summerar-2019\/","og_locale":"sv_SE","og_type":"article","og_title":"Nanexas VD David Westberg kommenterar och summerar 2019. - Nanexa AB","og_description":"I april f\u00f6rra \u00e5ret kommunicerade jag i ett nyhetsbrev att 2019 hade inletts p\u00e5 b\u00e4sta m\u00f6jliga s\u00e4tt, och nu kan jag gl\u00e4djande nog konstatera att \u00e4ven forts\u00e4ttningen p\u00e5 \u00e5ret f\u00f6rl\u00f6pte i samma positiva anda.L\u00e4s mer","og_url":"https:\/\/nanexa.com\/mfn_news\/nanexas-vd-david-westberg-kommenterar-och-summerar-2019\/","og_site_name":"Nanexa AB","article_modified_time":"2020-06-26T12:18:14+00:00","twitter_card":"summary_large_image","twitter_misc":{"Ber\u00e4knad l\u00e4stid":"5 minuter"},"schema":{"@context":"https:\/\/schema.org","@graph":[{"@type":"WebPage","@id":"https:\/\/nanexa.com\/mfn_news\/nanexas-vd-david-westberg-kommenterar-och-summerar-2019\/","url":"https:\/\/nanexa.com\/mfn_news\/nanexas-vd-david-westberg-kommenterar-och-summerar-2019\/","name":"Nanexas VD David Westberg kommenterar och summerar 2019. - Nanexa AB","isPartOf":{"@id":"https:\/\/nanexa.com\/#website"},"datePublished":"2020-01-15T12:03:05+00:00","dateModified":"2020-06-26T12:18:14+00:00","breadcrumb":{"@id":"https:\/\/nanexa.com\/mfn_news\/nanexas-vd-david-westberg-kommenterar-och-summerar-2019\/#breadcrumb"},"inLanguage":"sv-SE","potentialAction":[{"@type":"ReadAction","target":["https:\/\/nanexa.com\/mfn_news\/nanexas-vd-david-westberg-kommenterar-och-summerar-2019\/"]}]},{"@type":"BreadcrumbList","@id":"https:\/\/nanexa.com\/mfn_news\/nanexas-vd-david-westberg-kommenterar-och-summerar-2019\/#breadcrumb","itemListElement":[{"@type":"ListItem","position":1,"name":"Hem","item":"https:\/\/nanexa.com\/sv\/"},{"@type":"ListItem","position":2,"name":"MFN News Items","item":"https:\/\/nanexa.com\/mfn_news\/"},{"@type":"ListItem","position":3,"name":"Nanexas VD David Westberg kommenterar och summerar 2019."}]},{"@type":"WebSite","@id":"https:\/\/nanexa.com\/#website","url":"https:\/\/nanexa.com\/","name":"Nanexa AB","description":"","publisher":{"@id":"https:\/\/nanexa.com\/#organization"},"potentialAction":[{"@type":"SearchAction","target":{"@type":"EntryPoint","urlTemplate":"https:\/\/nanexa.com\/?s={search_term_string}"},"query-input":{"@type":"PropertyValueSpecification","valueRequired":true,"valueName":"search_term_string"}}],"inLanguage":"sv-SE"},{"@type":"Organization","@id":"https:\/\/nanexa.com\/#organization","name":"Nanexa AB","url":"https:\/\/nanexa.com\/","logo":{"@type":"ImageObject","inLanguage":"sv-SE","@id":"https:\/\/nanexa.com\/#\/schema\/logo\/image\/","url":"https:\/\/nanexa.com\/wp-content\/uploads\/2015\/04\/nanexa-logo.png","contentUrl":"https:\/\/nanexa.com\/wp-content\/uploads\/2015\/04\/nanexa-logo.png","width":165,"height":50,"caption":"Nanexa AB"},"image":{"@id":"https:\/\/nanexa.com\/#\/schema\/logo\/image\/"}}]}},"_links":{"self":[{"href":"https:\/\/nanexa.com\/sv\/wp-json\/wp\/v2\/mfn_news\/3809","targetHints":{"allow":["GET"]}}],"collection":[{"href":"https:\/\/nanexa.com\/sv\/wp-json\/wp\/v2\/mfn_news"}],"about":[{"href":"https:\/\/nanexa.com\/sv\/wp-json\/wp\/v2\/types\/mfn_news"}],"wp:attachment":[{"href":"https:\/\/nanexa.com\/sv\/wp-json\/wp\/v2\/media?parent=3809"}],"curies":[{"name":"wp","href":"https:\/\/api.w.org\/{rel}","templated":true}]}}