{"id":3934,"date":"2015-06-16T15:18:28","date_gmt":"2015-06-16T15:18:28","guid":{"rendered":"https:\/\/www.nanexa.com\/mfn_news\/handel-i-nanexa-ab-inleds-17-juni-2015\/"},"modified":"2015-06-16T15:18:28","modified_gmt":"2015-06-16T15:18:28","slug":"handel-i-nanexa-ab-inleds-17-juni-2015","status":"publish","type":"mfn_news","link":"https:\/\/nanexa.com\/sv\/mfn_news\/handel-i-nanexa-ab-inleds-17-juni-2015\/","title":{"rendered":"Handel i Nanexa AB inleds 17 juni 2015"},"content":{"rendered":"<div class=\"mfn-preamble\">\n<p><span><strong><\/strong><\/span><\/p>\n<\/div>\n<p><span>I morgon den 17 juni inleds handeln i Nanexa AB:s (\u201dNanexa\u201d) aktier p\u00e5 Aktietorget.<\/span><\/p>\n<p><span>Teckningstiden i Nanexa ABs listningsemission avslutades den 5 juni 2015. Aktier f\u00f6r 65 miljoner kronor motsvarande en teckningsgrad om 630 % tecknades i emissionen av 1\u00a0304 tecknare. <\/span><\/p>\n<p><span>\u201dJag \u00e4r naturligtvis oerh\u00f6rt glad \u00f6ver det stora intresset f\u00f6r Nanexa AB och att vi har f\u00e5tt ett stort antal nya aktie\u00e4gare, som jag h\u00e4rmed vill h\u00e4lsa varmt v\u00e4lkomna. Tack vare emissionen kan vi nu accelerera produkt och aff\u00e4rsutveckling f\u00f6r att n\u00e5 utsatta m\u00e5l.\u201d, s\u00e4ger David Westberg, VD i Nanexa AB.<\/span><\/p>\n<p><span>Partner Fondkommission har varit finansiella r\u00e5dgivare i samband med erbjudandet.<\/span><\/p>\n<p><span>F\u00f6r mer information om erbjudandet kontakta:<\/span><\/p>\n<p><span>David Westberg \u2013 VD, Nanexa AB (publ)\u00a0<\/span><br \/><span> Telefon: 0709 -42 83 03<\/span><br \/><span> E-post:\u00a0<a href=\"mailto:david.westberg@nanexa.se\" target=\"_blank\" rel=\"nofollow noopener noreferrer\">david.westberg@nanexa.se<\/a><\/span><\/p>\n<p><span>Alt.<\/span><\/p>\n<p><span>Torben Oskarsson, Partner Fondkommission AB<br \/>031-761 22 32,<br \/>E-post: <a href=\"mailto:torben.oskarsson@partnerfk.se\" rel=\"nofollow\">torben.oskarsson@partnerfk.se<\/a><\/span><\/p>\n<p><span><a href=\"http:\/\/www.nanexa.se\" rel=\"nofollow\">www.nanexa.se<\/a><\/span><\/p>\n<p><span>Om Nanexa AB (publ)<br \/>Nanexa AB \u00e4r ett h\u00f6gteknologiskt forskningsf\u00f6retag som utvecklar och marknadsf\u00f6r produkter inom nanoteknologi. Bolagets fokus ligger p\u00e5 PharmaShell\u00ae som \u00e4r ett nytt och banbrytande drug delivery-system som bed\u00f6ms ha en stor potential inom ett flertal omr\u00e5den. Inom ramen f\u00f6r PharmaShell\u00ae har Nanexa samarbetsavtal med bland andra AstraZeneca och Karolinska Institutet.<strong><\/strong><\/span><\/p>\n<div class=\"mfn-footer mfn-attachment\">\n<p><strong>Bifogade filer<\/strong><\/p>\n<hr\/>\n<p><a href=\"https:\/\/aktietorget.blob.core.windows.net\/press\/news\/nanexa\/74275\/392829.pdf\" target=\"_blank\" rel=\"nofollow noopener noreferrer\"><\/a><\/p>\n<\/div>\n<div class=\"mfn-footer\"><\/div>\n","protected":false},"excerpt":{"rendered":"<\/p>\n<p>I morgon den 17 juni inleds handeln i Nanexa AB:s (\u201dNanexa\u201d) aktier p\u00e5 Aktietorget.<\/p>\n<p>Teckningstiden i Nanexa ABs listningsemission avslutades den 5 juni 2015.<\/p>\n<p><a class=\"read-more\" href=\"https:\/\/nanexa.com\/sv\/mfn_news\/handel-i-nanexa-ab-inleds-17-juni-2015\/\">L\u00e4s mer<\/a><\/p>\n","protected":false},"template":"","class_list":["post-3934","mfn_news","type-mfn_news","status-publish","hentry","mfn-news-tag-mfn-ci_sv","mfn-news-tag-mfn-type-ir_sv","mfn-news-tag-mfn-regulatory-listing_sv","mfn-news-tag-mfn_sv","mfn-news-tag-mfn-ci-other_sv","mfn-news-tag-mfn-regulatory_sv","mfn-news-tag-mfn-lang-sv_sv"],"acf":[],"yoast_head":"<!-- This site is optimized with the Yoast SEO plugin v27.5 - https:\/\/yoast.com\/product\/yoast-seo-wordpress\/ -->\n<title>Handel i Nanexa AB inleds 17 juni 2015 - Nanexa AB<\/title>\n<meta name=\"robots\" content=\"index, follow, max-snippet:-1, max-image-preview:large, max-video-preview:-1\" \/>\n<link rel=\"canonical\" href=\"https:\/\/nanexa.com\/mfn_news\/handel-i-nanexa-ab-inleds-17-juni-2015\/\" \/>\n<meta property=\"og:locale\" content=\"sv_SE\" \/>\n<meta property=\"og:type\" content=\"article\" \/>\n<meta property=\"og:title\" content=\"Handel i Nanexa AB inleds 17 juni 2015 - Nanexa AB\" \/>\n<meta property=\"og:description\" content=\"I morgon den 17 juni inleds handeln i Nanexa AB:s (\u201dNanexa\u201d) aktier p\u00e5 Aktietorget. Teckningstiden i Nanexa ABs listningsemission avslutades den 5 juni 2015.L\u00e4s mer\" \/>\n<meta property=\"og:url\" content=\"https:\/\/nanexa.com\/mfn_news\/handel-i-nanexa-ab-inleds-17-juni-2015\/\" \/>\n<meta property=\"og:site_name\" content=\"Nanexa AB\" \/>\n<meta name=\"twitter:card\" content=\"summary_large_image\" \/>\n<meta name=\"twitter:label1\" content=\"Ber\u00e4knad l\u00e4stid\" \/>\n\t<meta name=\"twitter:data1\" content=\"1 minut\" \/>\n<script type=\"application\/ld+json\" class=\"yoast-schema-graph\">{\"@context\":\"https:\\\/\\\/schema.org\",\"@graph\":[{\"@type\":\"WebPage\",\"@id\":\"https:\\\/\\\/nanexa.com\\\/mfn_news\\\/handel-i-nanexa-ab-inleds-17-juni-2015\\\/\",\"url\":\"https:\\\/\\\/nanexa.com\\\/mfn_news\\\/handel-i-nanexa-ab-inleds-17-juni-2015\\\/\",\"name\":\"Handel i Nanexa AB inleds 17 juni 2015 - Nanexa AB\",\"isPartOf\":{\"@id\":\"https:\\\/\\\/nanexa.com\\\/#website\"},\"datePublished\":\"2015-06-16T15:18:28+00:00\",\"breadcrumb\":{\"@id\":\"https:\\\/\\\/nanexa.com\\\/mfn_news\\\/handel-i-nanexa-ab-inleds-17-juni-2015\\\/#breadcrumb\"},\"inLanguage\":\"sv-SE\",\"potentialAction\":[{\"@type\":\"ReadAction\",\"target\":[\"https:\\\/\\\/nanexa.com\\\/mfn_news\\\/handel-i-nanexa-ab-inleds-17-juni-2015\\\/\"]}]},{\"@type\":\"BreadcrumbList\",\"@id\":\"https:\\\/\\\/nanexa.com\\\/mfn_news\\\/handel-i-nanexa-ab-inleds-17-juni-2015\\\/#breadcrumb\",\"itemListElement\":[{\"@type\":\"ListItem\",\"position\":1,\"name\":\"Hem\",\"item\":\"https:\\\/\\\/nanexa.com\\\/sv\\\/\"},{\"@type\":\"ListItem\",\"position\":2,\"name\":\"MFN News Items\",\"item\":\"https:\\\/\\\/nanexa.com\\\/mfn_news\\\/\"},{\"@type\":\"ListItem\",\"position\":3,\"name\":\"Handel i Nanexa AB inleds 17 juni 2015\"}]},{\"@type\":\"WebSite\",\"@id\":\"https:\\\/\\\/nanexa.com\\\/#website\",\"url\":\"https:\\\/\\\/nanexa.com\\\/\",\"name\":\"Nanexa AB\",\"description\":\"\",\"publisher\":{\"@id\":\"https:\\\/\\\/nanexa.com\\\/#organization\"},\"potentialAction\":[{\"@type\":\"SearchAction\",\"target\":{\"@type\":\"EntryPoint\",\"urlTemplate\":\"https:\\\/\\\/nanexa.com\\\/?s={search_term_string}\"},\"query-input\":{\"@type\":\"PropertyValueSpecification\",\"valueRequired\":true,\"valueName\":\"search_term_string\"}}],\"inLanguage\":\"sv-SE\"},{\"@type\":\"Organization\",\"@id\":\"https:\\\/\\\/nanexa.com\\\/#organization\",\"name\":\"Nanexa AB\",\"url\":\"https:\\\/\\\/nanexa.com\\\/\",\"logo\":{\"@type\":\"ImageObject\",\"inLanguage\":\"sv-SE\",\"@id\":\"https:\\\/\\\/nanexa.com\\\/#\\\/schema\\\/logo\\\/image\\\/\",\"url\":\"https:\\\/\\\/nanexa.com\\\/wp-content\\\/uploads\\\/2015\\\/04\\\/nanexa-logo.png\",\"contentUrl\":\"https:\\\/\\\/nanexa.com\\\/wp-content\\\/uploads\\\/2015\\\/04\\\/nanexa-logo.png\",\"width\":165,\"height\":50,\"caption\":\"Nanexa AB\"},\"image\":{\"@id\":\"https:\\\/\\\/nanexa.com\\\/#\\\/schema\\\/logo\\\/image\\\/\"}}]}<\/script>\n<!-- \/ Yoast SEO plugin. -->","yoast_head_json":{"title":"Handel i Nanexa AB inleds 17 juni 2015 - Nanexa AB","robots":{"index":"index","follow":"follow","max-snippet":"max-snippet:-1","max-image-preview":"max-image-preview:large","max-video-preview":"max-video-preview:-1"},"canonical":"https:\/\/nanexa.com\/mfn_news\/handel-i-nanexa-ab-inleds-17-juni-2015\/","og_locale":"sv_SE","og_type":"article","og_title":"Handel i Nanexa AB inleds 17 juni 2015 - Nanexa AB","og_description":"I morgon den 17 juni inleds handeln i Nanexa AB:s (\u201dNanexa\u201d) aktier p\u00e5 Aktietorget. Teckningstiden i Nanexa ABs listningsemission avslutades den 5 juni 2015.L\u00e4s mer","og_url":"https:\/\/nanexa.com\/mfn_news\/handel-i-nanexa-ab-inleds-17-juni-2015\/","og_site_name":"Nanexa AB","twitter_card":"summary_large_image","twitter_misc":{"Ber\u00e4knad l\u00e4stid":"1 minut"},"schema":{"@context":"https:\/\/schema.org","@graph":[{"@type":"WebPage","@id":"https:\/\/nanexa.com\/mfn_news\/handel-i-nanexa-ab-inleds-17-juni-2015\/","url":"https:\/\/nanexa.com\/mfn_news\/handel-i-nanexa-ab-inleds-17-juni-2015\/","name":"Handel i Nanexa AB inleds 17 juni 2015 - Nanexa AB","isPartOf":{"@id":"https:\/\/nanexa.com\/#website"},"datePublished":"2015-06-16T15:18:28+00:00","breadcrumb":{"@id":"https:\/\/nanexa.com\/mfn_news\/handel-i-nanexa-ab-inleds-17-juni-2015\/#breadcrumb"},"inLanguage":"sv-SE","potentialAction":[{"@type":"ReadAction","target":["https:\/\/nanexa.com\/mfn_news\/handel-i-nanexa-ab-inleds-17-juni-2015\/"]}]},{"@type":"BreadcrumbList","@id":"https:\/\/nanexa.com\/mfn_news\/handel-i-nanexa-ab-inleds-17-juni-2015\/#breadcrumb","itemListElement":[{"@type":"ListItem","position":1,"name":"Hem","item":"https:\/\/nanexa.com\/sv\/"},{"@type":"ListItem","position":2,"name":"MFN News Items","item":"https:\/\/nanexa.com\/mfn_news\/"},{"@type":"ListItem","position":3,"name":"Handel i Nanexa AB inleds 17 juni 2015"}]},{"@type":"WebSite","@id":"https:\/\/nanexa.com\/#website","url":"https:\/\/nanexa.com\/","name":"Nanexa AB","description":"","publisher":{"@id":"https:\/\/nanexa.com\/#organization"},"potentialAction":[{"@type":"SearchAction","target":{"@type":"EntryPoint","urlTemplate":"https:\/\/nanexa.com\/?s={search_term_string}"},"query-input":{"@type":"PropertyValueSpecification","valueRequired":true,"valueName":"search_term_string"}}],"inLanguage":"sv-SE"},{"@type":"Organization","@id":"https:\/\/nanexa.com\/#organization","name":"Nanexa AB","url":"https:\/\/nanexa.com\/","logo":{"@type":"ImageObject","inLanguage":"sv-SE","@id":"https:\/\/nanexa.com\/#\/schema\/logo\/image\/","url":"https:\/\/nanexa.com\/wp-content\/uploads\/2015\/04\/nanexa-logo.png","contentUrl":"https:\/\/nanexa.com\/wp-content\/uploads\/2015\/04\/nanexa-logo.png","width":165,"height":50,"caption":"Nanexa AB"},"image":{"@id":"https:\/\/nanexa.com\/#\/schema\/logo\/image\/"}}]}},"_links":{"self":[{"href":"https:\/\/nanexa.com\/sv\/wp-json\/wp\/v2\/mfn_news\/3934","targetHints":{"allow":["GET"]}}],"collection":[{"href":"https:\/\/nanexa.com\/sv\/wp-json\/wp\/v2\/mfn_news"}],"about":[{"href":"https:\/\/nanexa.com\/sv\/wp-json\/wp\/v2\/types\/mfn_news"}],"wp:attachment":[{"href":"https:\/\/nanexa.com\/sv\/wp-json\/wp\/v2\/media?parent=3934"}],"curies":[{"name":"wp","href":"https:\/\/api.w.org\/{rel}","templated":true}]}}