{"id":4495,"date":"2021-06-14T11:15:00","date_gmt":"2021-06-14T11:15:00","guid":{"rendered":"https:\/\/nanexa.com\/mfn_news\/nanexa-bjuder-in-till-webcast\/"},"modified":"2021-06-14T11:15:00","modified_gmt":"2021-06-14T11:15:00","slug":"nanexa-bjuder-in-till-webcast","status":"publish","type":"mfn_news","link":"https:\/\/nanexa.com\/sv\/mfn_news\/nanexa-bjuder-in-till-webcast\/","title":{"rendered":"Nanexa bjuder in till webcast"},"content":{"rendered":"<div class=\"mfn-preamble\">\n<p><strong>Med anledning av Nanexas kommande f\u00f6retr\u00e4desemission bjuder bolaget in till webcast d\u00e4r vd David Westberg, styrelseordf\u00f6rande G\u00f6ran Ando och finanschef Bj\u00f6rn Svanstr\u00f6m ger en uppdatering av Nanexa och syftet med emissionen.<\/strong><\/p>\n<\/div>\n<div class=\"mfn-body\">\n<p>Tid: Torsdag den 17 juni kl 14:00.<\/p>\n<p>F\u00f6r att delta i konferensen g\u00e5 in p\u00e5 f\u00f6ljande l\u00e4nk. D\u00e4r ges ni ocks\u00e5 m\u00f6jlighet att skicka in eventuella fr\u00e5gor som besvaras efter presentationen.<\/p>\n<p><a href=\"https:\/\/tv.streamfabriken.com\/nanexa-press-conference-june-2021\" target=\"_blank\" rel=\"nofollow noopener\">https:\/\/tv.streamfabriken.com\/nanexa-press-conference-june-2021<\/a><\/p>\n<p>Presentationen kommer att h\u00e5llas p\u00e5 engelska.<br \/>\u00a0<\/p>\n<\/div>\n<div class=\"mfn-footer mfn-contacts\">\n<p><strong class=\"mfn-heading-1\">F\u00f6r mer information kontakta:<\/strong><\/p>\n<hr \/>\n<p>David Westberg \u2013 VD, Nanexa AB (publ)\u00a0<br \/>Telefon: 0709-42 83 03<br \/>E-post:\u00a0<a href=\"mailto:david.westberg@nanexa.se\" target=\"_blank\" rel=\"nofollow noopener\">david.westberg@nanexa.se<\/a><br \/><a target=\"_blank\" href=\"http:\/\/www.nanexa.com\" rel=\"nofollow noopener\">www.nanexa.com<\/a><\/p>\n<p>Erik Penser Bank \u00e4r bolagets Certified Adviser och n\u00e5s p\u00e5 08-463 83 00, e-post: certifiedadviser@penser.se<\/p>\n<\/div>\n<div class=\"mfn-footer mfn-about\">\n<p><strong class=\"mfn-heading-1\">Om Nanexa AB (publ)<\/strong><\/p>\n<hr \/>\n<p>Nanexa AB \u00e4r ett nanoteknologiskt drug delivery-f\u00f6retag fokuserat p\u00e5 utvecklingen av PharmaShell\u00ae, ett nytt och banbrytande drug delivery-system med stor\u00a0potential inom ett flertal substanstyper och indikationsomr\u00e5den. Inom ramen f\u00f6r PharmaShell\u00ae utvecklar Nanexa egna projekt och har samarbetsavtal med flera l\u00e4kemedelsbolag, d\u00e4ribland\u00a0AstraZeneca.<\/p>\n<p>Nanexas aktie \u00e4r noterad p\u00e5 Nasdaq First North Growth Market i Stockholm (NANEXA).<\/p>\n<\/div>\n<div class=\"mfn-footer mfn-attachment mfn-attachment-general\">\n<p><strong class=\"mfn-heading-1\">Bifogade filer<\/strong><\/p>\n<hr \/>\n<p><a href=\"https:\/\/storage.mfn.se\/9bf8f585-22ae-430d-bd3b-2d26527e16b8\/nanexa-bjuder-in-till-webcast.pdf\" class=\"mfn-generated mfn-primary\" target=\"_blank\" rel=\"nofollow noopener\">Nanexa bjuder in till webcast<\/a><\/p>\n<\/div>\n","protected":false},"excerpt":{"rendered":"<p>Med anledning av Nanexas kommande f\u00f6retr\u00e4desemission bjuder bolaget in till webcast d\u00e4r vd David Westberg, styrelseordf\u00f6rande G\u00f6ran Ando och finanschef Bj\u00f6rn Svanstr\u00f6m ger en uppdatering av Nanexa och syftet med emissionen.<\/p>\n","protected":false},"template":"","class_list":["post-4495","mfn_news","type-mfn_news","status-publish","hentry","mfn-news-tag-mfn-ci_sv","mfn-news-tag-mfn-type-ir_sv","mfn-news-tag-mfn_sv","mfn-news-tag-mfn-ci-other_sv","mfn-news-tag-mfn-lang-sv_sv"],"acf":[],"yoast_head":"<!-- This site is optimized with the Yoast SEO plugin v27.4 - https:\/\/yoast.com\/product\/yoast-seo-wordpress\/ -->\n<title>Nanexa bjuder in till webcast - Nanexa AB<\/title>\n<meta name=\"robots\" content=\"index, follow, max-snippet:-1, max-image-preview:large, max-video-preview:-1\" \/>\n<link rel=\"canonical\" href=\"https:\/\/nanexa.com\/mfn_news\/nanexa-bjuder-in-till-webcast\/\" \/>\n<meta property=\"og:locale\" content=\"sv_SE\" \/>\n<meta property=\"og:type\" content=\"article\" \/>\n<meta property=\"og:title\" content=\"Nanexa bjuder in till webcast - Nanexa AB\" \/>\n<meta property=\"og:description\" content=\"Med anledning av Nanexas kommande f\u00f6retr\u00e4desemission bjuder bolaget in till webcast d\u00e4r vd David Westberg, styrelseordf\u00f6rande G\u00f6ran Ando och finanschef Bj\u00f6rn Svanstr\u00f6m ger en uppdatering av Nanexa och syftet med emissionen.\" \/>\n<meta property=\"og:url\" content=\"https:\/\/nanexa.com\/mfn_news\/nanexa-bjuder-in-till-webcast\/\" \/>\n<meta property=\"og:site_name\" content=\"Nanexa AB\" \/>\n<meta name=\"twitter:card\" content=\"summary_large_image\" \/>\n<meta name=\"twitter:label1\" content=\"Ber\u00e4knad l\u00e4stid\" \/>\n\t<meta name=\"twitter:data1\" content=\"1 minut\" \/>\n<script type=\"application\/ld+json\" class=\"yoast-schema-graph\">{\"@context\":\"https:\\\/\\\/schema.org\",\"@graph\":[{\"@type\":\"WebPage\",\"@id\":\"https:\\\/\\\/nanexa.com\\\/mfn_news\\\/nanexa-bjuder-in-till-webcast\\\/\",\"url\":\"https:\\\/\\\/nanexa.com\\\/mfn_news\\\/nanexa-bjuder-in-till-webcast\\\/\",\"name\":\"Nanexa bjuder in till webcast - Nanexa AB\",\"isPartOf\":{\"@id\":\"https:\\\/\\\/nanexa.com\\\/#website\"},\"datePublished\":\"2021-06-14T11:15:00+00:00\",\"breadcrumb\":{\"@id\":\"https:\\\/\\\/nanexa.com\\\/mfn_news\\\/nanexa-bjuder-in-till-webcast\\\/#breadcrumb\"},\"inLanguage\":\"sv-SE\",\"potentialAction\":[{\"@type\":\"ReadAction\",\"target\":[\"https:\\\/\\\/nanexa.com\\\/mfn_news\\\/nanexa-bjuder-in-till-webcast\\\/\"]}]},{\"@type\":\"BreadcrumbList\",\"@id\":\"https:\\\/\\\/nanexa.com\\\/mfn_news\\\/nanexa-bjuder-in-till-webcast\\\/#breadcrumb\",\"itemListElement\":[{\"@type\":\"ListItem\",\"position\":1,\"name\":\"Hem\",\"item\":\"https:\\\/\\\/nanexa.com\\\/sv\\\/\"},{\"@type\":\"ListItem\",\"position\":2,\"name\":\"MFN News Items\",\"item\":\"https:\\\/\\\/nanexa.com\\\/mfn_news\\\/\"},{\"@type\":\"ListItem\",\"position\":3,\"name\":\"Nanexa bjuder in till webcast\"}]},{\"@type\":\"WebSite\",\"@id\":\"https:\\\/\\\/nanexa.com\\\/#website\",\"url\":\"https:\\\/\\\/nanexa.com\\\/\",\"name\":\"Nanexa AB\",\"description\":\"\",\"publisher\":{\"@id\":\"https:\\\/\\\/nanexa.com\\\/#organization\"},\"potentialAction\":[{\"@type\":\"SearchAction\",\"target\":{\"@type\":\"EntryPoint\",\"urlTemplate\":\"https:\\\/\\\/nanexa.com\\\/?s={search_term_string}\"},\"query-input\":{\"@type\":\"PropertyValueSpecification\",\"valueRequired\":true,\"valueName\":\"search_term_string\"}}],\"inLanguage\":\"sv-SE\"},{\"@type\":\"Organization\",\"@id\":\"https:\\\/\\\/nanexa.com\\\/#organization\",\"name\":\"Nanexa AB\",\"url\":\"https:\\\/\\\/nanexa.com\\\/\",\"logo\":{\"@type\":\"ImageObject\",\"inLanguage\":\"sv-SE\",\"@id\":\"https:\\\/\\\/nanexa.com\\\/#\\\/schema\\\/logo\\\/image\\\/\",\"url\":\"https:\\\/\\\/nanexa.com\\\/wp-content\\\/uploads\\\/2015\\\/04\\\/nanexa-logo.png\",\"contentUrl\":\"https:\\\/\\\/nanexa.com\\\/wp-content\\\/uploads\\\/2015\\\/04\\\/nanexa-logo.png\",\"width\":165,\"height\":50,\"caption\":\"Nanexa AB\"},\"image\":{\"@id\":\"https:\\\/\\\/nanexa.com\\\/#\\\/schema\\\/logo\\\/image\\\/\"}}]}<\/script>\n<!-- \/ Yoast SEO plugin. -->","yoast_head_json":{"title":"Nanexa bjuder in till webcast - Nanexa AB","robots":{"index":"index","follow":"follow","max-snippet":"max-snippet:-1","max-image-preview":"max-image-preview:large","max-video-preview":"max-video-preview:-1"},"canonical":"https:\/\/nanexa.com\/mfn_news\/nanexa-bjuder-in-till-webcast\/","og_locale":"sv_SE","og_type":"article","og_title":"Nanexa bjuder in till webcast - Nanexa AB","og_description":"Med anledning av Nanexas kommande f\u00f6retr\u00e4desemission bjuder bolaget in till webcast d\u00e4r vd David Westberg, styrelseordf\u00f6rande G\u00f6ran Ando och finanschef Bj\u00f6rn Svanstr\u00f6m ger en uppdatering av Nanexa och syftet med emissionen.","og_url":"https:\/\/nanexa.com\/mfn_news\/nanexa-bjuder-in-till-webcast\/","og_site_name":"Nanexa AB","twitter_card":"summary_large_image","twitter_misc":{"Ber\u00e4knad l\u00e4stid":"1 minut"},"schema":{"@context":"https:\/\/schema.org","@graph":[{"@type":"WebPage","@id":"https:\/\/nanexa.com\/mfn_news\/nanexa-bjuder-in-till-webcast\/","url":"https:\/\/nanexa.com\/mfn_news\/nanexa-bjuder-in-till-webcast\/","name":"Nanexa bjuder in till webcast - Nanexa AB","isPartOf":{"@id":"https:\/\/nanexa.com\/#website"},"datePublished":"2021-06-14T11:15:00+00:00","breadcrumb":{"@id":"https:\/\/nanexa.com\/mfn_news\/nanexa-bjuder-in-till-webcast\/#breadcrumb"},"inLanguage":"sv-SE","potentialAction":[{"@type":"ReadAction","target":["https:\/\/nanexa.com\/mfn_news\/nanexa-bjuder-in-till-webcast\/"]}]},{"@type":"BreadcrumbList","@id":"https:\/\/nanexa.com\/mfn_news\/nanexa-bjuder-in-till-webcast\/#breadcrumb","itemListElement":[{"@type":"ListItem","position":1,"name":"Hem","item":"https:\/\/nanexa.com\/sv\/"},{"@type":"ListItem","position":2,"name":"MFN News Items","item":"https:\/\/nanexa.com\/mfn_news\/"},{"@type":"ListItem","position":3,"name":"Nanexa bjuder in till webcast"}]},{"@type":"WebSite","@id":"https:\/\/nanexa.com\/#website","url":"https:\/\/nanexa.com\/","name":"Nanexa AB","description":"","publisher":{"@id":"https:\/\/nanexa.com\/#organization"},"potentialAction":[{"@type":"SearchAction","target":{"@type":"EntryPoint","urlTemplate":"https:\/\/nanexa.com\/?s={search_term_string}"},"query-input":{"@type":"PropertyValueSpecification","valueRequired":true,"valueName":"search_term_string"}}],"inLanguage":"sv-SE"},{"@type":"Organization","@id":"https:\/\/nanexa.com\/#organization","name":"Nanexa AB","url":"https:\/\/nanexa.com\/","logo":{"@type":"ImageObject","inLanguage":"sv-SE","@id":"https:\/\/nanexa.com\/#\/schema\/logo\/image\/","url":"https:\/\/nanexa.com\/wp-content\/uploads\/2015\/04\/nanexa-logo.png","contentUrl":"https:\/\/nanexa.com\/wp-content\/uploads\/2015\/04\/nanexa-logo.png","width":165,"height":50,"caption":"Nanexa AB"},"image":{"@id":"https:\/\/nanexa.com\/#\/schema\/logo\/image\/"}}]}},"_links":{"self":[{"href":"https:\/\/nanexa.com\/sv\/wp-json\/wp\/v2\/mfn_news\/4495","targetHints":{"allow":["GET"]}}],"collection":[{"href":"https:\/\/nanexa.com\/sv\/wp-json\/wp\/v2\/mfn_news"}],"about":[{"href":"https:\/\/nanexa.com\/sv\/wp-json\/wp\/v2\/types\/mfn_news"}],"wp:attachment":[{"href":"https:\/\/nanexa.com\/sv\/wp-json\/wp\/v2\/media?parent=4495"}],"curies":[{"name":"wp","href":"https:\/\/api.w.org\/{rel}","templated":true}]}}