{"id":4660,"date":"2021-10-05T19:35:00","date_gmt":"2021-10-05T19:35:00","guid":{"rendered":"https:\/\/nanexa.com\/mfn_news\/nanexa-erhaller-beslut-om-sanktionsavgift-fran-finansinspektionen-avseende-arende-fran-2017\/"},"modified":"2021-10-05T19:35:00","modified_gmt":"2021-10-05T19:35:00","slug":"nanexa-erhaller-beslut-om-sanktionsavgift-fran-finansinspektionen-avseende-arende-fran-2017","status":"publish","type":"mfn_news","link":"https:\/\/nanexa.com\/sv\/mfn_news\/nanexa-erhaller-beslut-om-sanktionsavgift-fran-finansinspektionen-avseende-arende-fran-2017\/","title":{"rendered":"Nanexa erh\u00e5ller beslut om sanktionsavgift fr\u00e5n Finansinspektionen avseende \u00e4rende fr\u00e5n 2017"},"content":{"rendered":"<div class=\"mfn-preamble\">\n<p><strong>Nanexa AB meddelar idag att bolaget har mottagit beslut fr\u00e5n Finansinspektionen att betala sanktionsavgift om 1 000 000 kronor avseende en h\u00e4ndelse som intr\u00e4ffade 2017.<\/strong><\/p>\n<\/div>\n<div class=\"mfn-body\">\n<p>Finansinspektionen har funnit att Nanexa i samband med beslut om f\u00f6retr\u00e4desemission i september 2017 har \u00e5sidosatt kraven p\u00e5 offentligg\u00f6rande av insiderinformation och uppr\u00e4ttande av en korrekt insiderf\u00f6rteckning i Europaparlamentets och r\u00e5dets f\u00f6rordning (EU) 596\/2014 om marknadsmissbruk (Mar).<\/p>\n<p>En total avgift om 1\u00a0100\u00a0000 kronor har satts ner till 1\u00a0000\u00a0000 kronor vid en proportionalitetsbed\u00f6mning och efter att Finansinspektionen har konstaterat att det har varit fr\u00e5ga om osk\u00e4ligt dr\u00f6jsm\u00e5l vid handl\u00e4ggningen av \u00e4rendet.<br \/>\u00a0<\/p>\n<\/div>\n<div class=\"mfn-footer mfn-contacts\">\n<p><strong class=\"mfn-heading-1\">F\u00f6r mer information kontakta:<\/strong><\/p>\n<hr \/>\n<p>David Westberg \u2013 VD, Nanexa AB (publ)\u00a0<br \/>Telefon: 0709-42 83 03<br \/>E-post:\u00a0<a href=\"mailto:david.westberg@nanexa.se\" target=\"_blank\" rel=\"nofollow noopener\">david.westberg@nanexa.se<\/a><br \/><a target=\"_blank\" href=\"http:\/\/www.nanexa.com\" rel=\"nofollow noopener\">www.nanexa.com<\/a><\/p>\n<p>Erik Penser Bank \u00e4r bolagets Certified Adviser och n\u00e5s p\u00e5 08-463 83 00, e-post: certifiedadviser@penser.se<\/p>\n<\/div>\n<div class=\"mfn-footer mfn-about\">\n<p><strong class=\"mfn-heading-1\">Om Nanexa AB (publ)<\/strong><\/p>\n<hr \/>\n<p>Nanexa AB \u00e4r ett nanoteknologiskt drug delivery-f\u00f6retag fokuserat p\u00e5 utvecklingen av PharmaShell\u00ae, ett nytt och banbrytande drug delivery-system med stor\u00a0potential inom ett flertal substanstyper och indikationsomr\u00e5den. Inom ramen f\u00f6r PharmaShell\u00ae utvecklar Nanexa egna projekt och har samarbetsavtal med flera l\u00e4kemedelsbolag, d\u00e4ribland\u00a0AstraZeneca.<\/p>\n<p>Nanexas aktie \u00e4r noterad p\u00e5 Nasdaq First North Growth Market i Stockholm (NANEXA).<\/p>\n<\/div>\n<div class=\"mfn-footer mfn-attachment mfn-attachment-general\">\n<p><strong class=\"mfn-heading-1\">Bifogade filer<\/strong><\/p>\n<hr \/>\n<p><a href=\"https:\/\/storage.mfn.se\/924ccf98-42d8-455a-a09b-93a220dd5330\/nanexa-erhaller-beslut-om-sanktionsavgift-fran-finansinspektionen-avseende-arende-fran-2017.pdf\" class=\"mfn-generated mfn-primary\" target=\"_blank\" rel=\"nofollow noopener\">Nanexa erh\u00e5ller beslut om sanktionsavgift fr\u00e5n Finansinspektionen avseende \u00e4rende fr\u00e5n 2017<\/a><\/p>\n<\/div>\n","protected":false},"excerpt":{"rendered":"<p>Nanexa AB meddelar idag att bolaget har mottagit beslut fr\u00e5n Finansinspektionen att betala sanktionsavgift om 1 000 000 kronor avseende en h\u00e4ndelse som intr\u00e4ffade 2017.<\/p>\n","protected":false},"template":"","class_list":["post-4660","mfn_news","type-mfn_news","status-publish","hentry","mfn-news-tag-mfn-ci_sv","mfn-news-tag-mfn-type-ir_sv","mfn-news-tag-mfn-regulatory-listing_sv","mfn-news-tag-mfn_sv","mfn-news-tag-mfn-ci-other_sv","mfn-news-tag-mfn-regulatory_sv","mfn-news-tag-mfn-lang-sv_sv"],"acf":[],"yoast_head":"<!-- This site is optimized with the Yoast SEO plugin v27.4 - https:\/\/yoast.com\/product\/yoast-seo-wordpress\/ -->\n<title>Nanexa erh\u00e5ller beslut om sanktionsavgift fr\u00e5n Finansinspektionen avseende \u00e4rende fr\u00e5n 2017 - Nanexa AB<\/title>\n<meta name=\"robots\" content=\"index, follow, max-snippet:-1, max-image-preview:large, max-video-preview:-1\" \/>\n<link rel=\"canonical\" href=\"https:\/\/nanexa.com\/mfn_news\/nanexa-erhaller-beslut-om-sanktionsavgift-fran-finansinspektionen-avseende-arende-fran-2017\/\" \/>\n<meta property=\"og:locale\" content=\"sv_SE\" \/>\n<meta property=\"og:type\" content=\"article\" \/>\n<meta property=\"og:title\" content=\"Nanexa erh\u00e5ller beslut om sanktionsavgift fr\u00e5n Finansinspektionen avseende \u00e4rende fr\u00e5n 2017 - Nanexa AB\" \/>\n<meta property=\"og:description\" content=\"Nanexa AB meddelar idag att bolaget har mottagit beslut fr\u00e5n Finansinspektionen att betala sanktionsavgift om 1 000 000 kronor avseende en h\u00e4ndelse som intr\u00e4ffade 2017.\" \/>\n<meta property=\"og:url\" content=\"https:\/\/nanexa.com\/mfn_news\/nanexa-erhaller-beslut-om-sanktionsavgift-fran-finansinspektionen-avseende-arende-fran-2017\/\" \/>\n<meta property=\"og:site_name\" content=\"Nanexa AB\" \/>\n<meta name=\"twitter:card\" content=\"summary_large_image\" \/>\n<meta name=\"twitter:label1\" content=\"Ber\u00e4knad l\u00e4stid\" \/>\n\t<meta name=\"twitter:data1\" content=\"1 minut\" \/>\n<script type=\"application\/ld+json\" class=\"yoast-schema-graph\">{\"@context\":\"https:\\\/\\\/schema.org\",\"@graph\":[{\"@type\":\"WebPage\",\"@id\":\"https:\\\/\\\/nanexa.com\\\/mfn_news\\\/nanexa-erhaller-beslut-om-sanktionsavgift-fran-finansinspektionen-avseende-arende-fran-2017\\\/\",\"url\":\"https:\\\/\\\/nanexa.com\\\/mfn_news\\\/nanexa-erhaller-beslut-om-sanktionsavgift-fran-finansinspektionen-avseende-arende-fran-2017\\\/\",\"name\":\"Nanexa erh\u00e5ller beslut om sanktionsavgift fr\u00e5n Finansinspektionen avseende \u00e4rende fr\u00e5n 2017 - Nanexa AB\",\"isPartOf\":{\"@id\":\"https:\\\/\\\/nanexa.com\\\/#website\"},\"datePublished\":\"2021-10-05T19:35:00+00:00\",\"breadcrumb\":{\"@id\":\"https:\\\/\\\/nanexa.com\\\/mfn_news\\\/nanexa-erhaller-beslut-om-sanktionsavgift-fran-finansinspektionen-avseende-arende-fran-2017\\\/#breadcrumb\"},\"inLanguage\":\"sv-SE\",\"potentialAction\":[{\"@type\":\"ReadAction\",\"target\":[\"https:\\\/\\\/nanexa.com\\\/mfn_news\\\/nanexa-erhaller-beslut-om-sanktionsavgift-fran-finansinspektionen-avseende-arende-fran-2017\\\/\"]}]},{\"@type\":\"BreadcrumbList\",\"@id\":\"https:\\\/\\\/nanexa.com\\\/mfn_news\\\/nanexa-erhaller-beslut-om-sanktionsavgift-fran-finansinspektionen-avseende-arende-fran-2017\\\/#breadcrumb\",\"itemListElement\":[{\"@type\":\"ListItem\",\"position\":1,\"name\":\"Hem\",\"item\":\"https:\\\/\\\/nanexa.com\\\/sv\\\/\"},{\"@type\":\"ListItem\",\"position\":2,\"name\":\"MFN News Items\",\"item\":\"https:\\\/\\\/nanexa.com\\\/mfn_news\\\/\"},{\"@type\":\"ListItem\",\"position\":3,\"name\":\"Nanexa erh\u00e5ller beslut om sanktionsavgift fr\u00e5n Finansinspektionen avseende \u00e4rende fr\u00e5n 2017\"}]},{\"@type\":\"WebSite\",\"@id\":\"https:\\\/\\\/nanexa.com\\\/#website\",\"url\":\"https:\\\/\\\/nanexa.com\\\/\",\"name\":\"Nanexa AB\",\"description\":\"\",\"publisher\":{\"@id\":\"https:\\\/\\\/nanexa.com\\\/#organization\"},\"potentialAction\":[{\"@type\":\"SearchAction\",\"target\":{\"@type\":\"EntryPoint\",\"urlTemplate\":\"https:\\\/\\\/nanexa.com\\\/?s={search_term_string}\"},\"query-input\":{\"@type\":\"PropertyValueSpecification\",\"valueRequired\":true,\"valueName\":\"search_term_string\"}}],\"inLanguage\":\"sv-SE\"},{\"@type\":\"Organization\",\"@id\":\"https:\\\/\\\/nanexa.com\\\/#organization\",\"name\":\"Nanexa AB\",\"url\":\"https:\\\/\\\/nanexa.com\\\/\",\"logo\":{\"@type\":\"ImageObject\",\"inLanguage\":\"sv-SE\",\"@id\":\"https:\\\/\\\/nanexa.com\\\/#\\\/schema\\\/logo\\\/image\\\/\",\"url\":\"https:\\\/\\\/nanexa.com\\\/wp-content\\\/uploads\\\/2015\\\/04\\\/nanexa-logo.png\",\"contentUrl\":\"https:\\\/\\\/nanexa.com\\\/wp-content\\\/uploads\\\/2015\\\/04\\\/nanexa-logo.png\",\"width\":165,\"height\":50,\"caption\":\"Nanexa AB\"},\"image\":{\"@id\":\"https:\\\/\\\/nanexa.com\\\/#\\\/schema\\\/logo\\\/image\\\/\"}}]}<\/script>\n<!-- \/ Yoast SEO plugin. -->","yoast_head_json":{"title":"Nanexa erh\u00e5ller beslut om sanktionsavgift fr\u00e5n Finansinspektionen avseende \u00e4rende fr\u00e5n 2017 - Nanexa AB","robots":{"index":"index","follow":"follow","max-snippet":"max-snippet:-1","max-image-preview":"max-image-preview:large","max-video-preview":"max-video-preview:-1"},"canonical":"https:\/\/nanexa.com\/mfn_news\/nanexa-erhaller-beslut-om-sanktionsavgift-fran-finansinspektionen-avseende-arende-fran-2017\/","og_locale":"sv_SE","og_type":"article","og_title":"Nanexa erh\u00e5ller beslut om sanktionsavgift fr\u00e5n Finansinspektionen avseende \u00e4rende fr\u00e5n 2017 - Nanexa AB","og_description":"Nanexa AB meddelar idag att bolaget har mottagit beslut fr\u00e5n Finansinspektionen att betala sanktionsavgift om 1 000 000 kronor avseende en h\u00e4ndelse som intr\u00e4ffade 2017.","og_url":"https:\/\/nanexa.com\/mfn_news\/nanexa-erhaller-beslut-om-sanktionsavgift-fran-finansinspektionen-avseende-arende-fran-2017\/","og_site_name":"Nanexa AB","twitter_card":"summary_large_image","twitter_misc":{"Ber\u00e4knad l\u00e4stid":"1 minut"},"schema":{"@context":"https:\/\/schema.org","@graph":[{"@type":"WebPage","@id":"https:\/\/nanexa.com\/mfn_news\/nanexa-erhaller-beslut-om-sanktionsavgift-fran-finansinspektionen-avseende-arende-fran-2017\/","url":"https:\/\/nanexa.com\/mfn_news\/nanexa-erhaller-beslut-om-sanktionsavgift-fran-finansinspektionen-avseende-arende-fran-2017\/","name":"Nanexa erh\u00e5ller beslut om sanktionsavgift fr\u00e5n Finansinspektionen avseende \u00e4rende fr\u00e5n 2017 - Nanexa AB","isPartOf":{"@id":"https:\/\/nanexa.com\/#website"},"datePublished":"2021-10-05T19:35:00+00:00","breadcrumb":{"@id":"https:\/\/nanexa.com\/mfn_news\/nanexa-erhaller-beslut-om-sanktionsavgift-fran-finansinspektionen-avseende-arende-fran-2017\/#breadcrumb"},"inLanguage":"sv-SE","potentialAction":[{"@type":"ReadAction","target":["https:\/\/nanexa.com\/mfn_news\/nanexa-erhaller-beslut-om-sanktionsavgift-fran-finansinspektionen-avseende-arende-fran-2017\/"]}]},{"@type":"BreadcrumbList","@id":"https:\/\/nanexa.com\/mfn_news\/nanexa-erhaller-beslut-om-sanktionsavgift-fran-finansinspektionen-avseende-arende-fran-2017\/#breadcrumb","itemListElement":[{"@type":"ListItem","position":1,"name":"Hem","item":"https:\/\/nanexa.com\/sv\/"},{"@type":"ListItem","position":2,"name":"MFN News Items","item":"https:\/\/nanexa.com\/mfn_news\/"},{"@type":"ListItem","position":3,"name":"Nanexa erh\u00e5ller beslut om sanktionsavgift fr\u00e5n Finansinspektionen avseende \u00e4rende fr\u00e5n 2017"}]},{"@type":"WebSite","@id":"https:\/\/nanexa.com\/#website","url":"https:\/\/nanexa.com\/","name":"Nanexa AB","description":"","publisher":{"@id":"https:\/\/nanexa.com\/#organization"},"potentialAction":[{"@type":"SearchAction","target":{"@type":"EntryPoint","urlTemplate":"https:\/\/nanexa.com\/?s={search_term_string}"},"query-input":{"@type":"PropertyValueSpecification","valueRequired":true,"valueName":"search_term_string"}}],"inLanguage":"sv-SE"},{"@type":"Organization","@id":"https:\/\/nanexa.com\/#organization","name":"Nanexa AB","url":"https:\/\/nanexa.com\/","logo":{"@type":"ImageObject","inLanguage":"sv-SE","@id":"https:\/\/nanexa.com\/#\/schema\/logo\/image\/","url":"https:\/\/nanexa.com\/wp-content\/uploads\/2015\/04\/nanexa-logo.png","contentUrl":"https:\/\/nanexa.com\/wp-content\/uploads\/2015\/04\/nanexa-logo.png","width":165,"height":50,"caption":"Nanexa AB"},"image":{"@id":"https:\/\/nanexa.com\/#\/schema\/logo\/image\/"}}]}},"_links":{"self":[{"href":"https:\/\/nanexa.com\/sv\/wp-json\/wp\/v2\/mfn_news\/4660","targetHints":{"allow":["GET"]}}],"collection":[{"href":"https:\/\/nanexa.com\/sv\/wp-json\/wp\/v2\/mfn_news"}],"about":[{"href":"https:\/\/nanexa.com\/sv\/wp-json\/wp\/v2\/types\/mfn_news"}],"wp:attachment":[{"href":"https:\/\/nanexa.com\/sv\/wp-json\/wp\/v2\/media?parent=4660"}],"curies":[{"name":"wp","href":"https:\/\/api.w.org\/{rel}","templated":true}]}}