{"id":6461,"date":"2022-06-10T13:45:00","date_gmt":"2022-06-10T13:45:00","guid":{"rendered":"https:\/\/nanexa.com\/mfn_news\/lyckad-invigning-av-nanexas-nya-pilotanlaggning-i-uppsala\/"},"modified":"2022-06-10T13:45:00","modified_gmt":"2022-06-10T13:45:00","slug":"lyckad-invigning-av-nanexas-nya-pilotanlaggning-i-uppsala","status":"publish","type":"mfn_news","link":"https:\/\/nanexa.com\/sv\/mfn_news\/lyckad-invigning-av-nanexas-nya-pilotanlaggning-i-uppsala\/","title":{"rendered":"Lyckad invigning av Nanexas nya pilotanl\u00e4ggning i Uppsala"},"content":{"rendered":"<div class=\"mfn-preamble\">\n<p><strong>Den 9 juni invigdes Nanexas nya satsning i Uppsala Business Park \u2013 en pilotanl\u00e4ggning p\u00e5 900 kvadratmeter som inhyser kontor, R&amp;D-labb samt produktionsanl\u00e4ggning.<\/strong><\/p>\n<\/div>\n<div class=\"mfn-body\">\n<p>Den nya anl\u00e4ggningen ger stora m\u00f6jligheter f\u00f6r Nanexa. Tv\u00e5 produktionslinor, nyutvecklad utrustning fr\u00e5n Applied Materials och m\u00f6jlighet att producera i renrum vilket \u00f6ppnar upp f\u00f6r uppskalning av processen, samt att hantera alla typer av l\u00e4kemedelssubstanser, inklusive biologiska. Anl\u00e4ggningen m\u00f6jligg\u00f6r att ta l\u00e4kemedel baserade p\u00e5 drug delivery-systemet PharmaShell\u00ae hela v\u00e4gen till marknaden.<\/p>\n<p>P\u00e5 invigningen var hela Nanexas team p\u00e5 plats samt representanter fr\u00e5n bland annat Applied Materials, N\u00e4ringsdepartementet och Corem Group.<\/p>\n<p>\u201dVi \u00e4r mycket glada \u00f6ver att nu ha en \u201dstate of the art\u201d anl\u00e4ggning f\u00f6r produktion av parenterala produkter och till det R&amp;D-labb och kontor. Det kommer g\u00f6ra stor skillnad f\u00f6r oss i framdriften av v\u00e5ra egna projekt samt f\u00f6r v\u00e5ra partnerprojekt. Anl\u00e4ggningen m\u00f6jligg\u00f6r ocks\u00e5 att st\u00e4rka v\u00e5rt viktiga samarbete med Applied Materials. Vi \u00e4r helt enkelt mycket bra rustade f\u00f6r den fortsatta utvecklingen av bolaget\u201d s\u00e4ger David Westberg, vd f\u00f6r Nanexa. <\/p>\n<\/div>\n<div class=\"mfn-footer mfn-contacts\">\n<p><strong class=\"mfn-heading-1\">F\u00f6r mer information kontakta:<\/strong><\/p>\n<hr \/>\n<p>David Westberg \u2013 VD, Nanexa AB (publ)\u00a0<br \/>Telefon: 0709-42 83 03<br \/>E-post:\u00a0<a href=\"mailto:david.westberg@nanexa.se\" target=\"_blank\" rel=\"nofollow noopener\">david.westberg@nanexa.se<\/a><br \/><a href=\"http:\/\/www.nanexa.com\" target=\"_blank\" rel=\"nofollow noopener\">www.nanexa.com<\/a><\/p>\n<p>Erik Penser Bank \u00e4r bolagets Certified Adviser och n\u00e5s p\u00e5 08-463 83 00, e-post: certifiedadviser@penser.se<\/p>\n<\/div>\n<div class=\"mfn-footer mfn-about\">\n<p><strong class=\"mfn-heading-1\">Om Nanexa AB (publ)<\/strong><\/p>\n<hr \/>\n<p>Nanexa \u00e4r ett l\u00e4kemedelsbolag som utvecklar parenterala l\u00e4kemedel baserade p\u00e5 det patenterade och innovativa drug delivery-systemet PharmaShell\u00ae \u2013 ett system som m\u00f6jligg\u00f6r n\u00e4sta generations l\u00e5ngverkande injicerbara l\u00e4kemedel med h\u00f6g drug load, tillverkade med atomlagerprecision. Nanexa utvecklar egna produkter och har dessutom samarbetsavtal med flera l\u00e4kemedelsbolag, d\u00e4ribland AstraZeneca.<\/p>\n<p>Nanexas aktie \u00e4r noterad p\u00e5 Nasdaq First North Growth Market i Stockholm (NANEXA).<\/p>\n<\/div>\n<div class=\"mfn-footer mfn-attachment mfn-attachment-general\">\n<p><strong class=\"mfn-heading-1\">Bifogade filer<\/strong><\/p>\n<hr \/>\n<p><a class=\"mfn-generated mfn-primary\" href=\"https:\/\/storage.mfn.se\/2e8426cd-a455-4424-92c5-f2d5764ffb89\/lyckad-invigning-av-nanexas-nya-pilotanlaggning-i-uppsala.pdf\" target=\"_blank\" rel=\"nofollow noopener\">Lyckad invigning av Nanexas nya pilotanl\u00e4ggning i Uppsala<\/a><\/p>\n<\/div>\n","protected":false},"excerpt":{"rendered":"<p>Den 9 juni invigdes Nanexas nya satsning i Uppsala Business Park \u2013 en pilotanl\u00e4ggning p\u00e5 900 kvadratmeter som inhyser kontor, R&amp;D-labb samt produktionsanl\u00e4ggning.<\/p>\n","protected":false},"template":"","class_list":["post-6461","mfn_news","type-mfn_news","status-publish","hentry","mfn-news-tag-mfn-ci_sv","mfn-news-tag-mfn-type-ir_sv","mfn-news-tag-mfn_sv","mfn-news-tag-mfn-ci-other_sv","mfn-news-tag-mfn-lang-sv_sv"],"acf":[],"yoast_head":"<!-- This site is optimized with the Yoast SEO plugin v27.5 - https:\/\/yoast.com\/product\/yoast-seo-wordpress\/ -->\n<title>Lyckad invigning av Nanexas nya pilotanl\u00e4ggning i Uppsala - Nanexa AB<\/title>\n<meta name=\"robots\" content=\"index, follow, max-snippet:-1, max-image-preview:large, max-video-preview:-1\" \/>\n<link rel=\"canonical\" href=\"https:\/\/nanexa.com\/mfn_news\/lyckad-invigning-av-nanexas-nya-pilotanlaggning-i-uppsala\/\" \/>\n<meta property=\"og:locale\" content=\"sv_SE\" \/>\n<meta property=\"og:type\" content=\"article\" \/>\n<meta property=\"og:title\" content=\"Lyckad invigning av Nanexas nya pilotanl\u00e4ggning i Uppsala - Nanexa AB\" \/>\n<meta property=\"og:description\" content=\"Den 9 juni invigdes Nanexas nya satsning i Uppsala Business Park \u2013 en pilotanl\u00e4ggning p\u00e5 900 kvadratmeter som inhyser kontor, R&amp;D-labb samt produktionsanl\u00e4ggning.\" \/>\n<meta property=\"og:url\" content=\"https:\/\/nanexa.com\/mfn_news\/lyckad-invigning-av-nanexas-nya-pilotanlaggning-i-uppsala\/\" \/>\n<meta property=\"og:site_name\" content=\"Nanexa AB\" \/>\n<meta name=\"twitter:card\" content=\"summary_large_image\" \/>\n<meta name=\"twitter:label1\" content=\"Ber\u00e4knad l\u00e4stid\" \/>\n\t<meta name=\"twitter:data1\" content=\"2 minuter\" \/>\n<script type=\"application\/ld+json\" class=\"yoast-schema-graph\">{\"@context\":\"https:\\\/\\\/schema.org\",\"@graph\":[{\"@type\":\"WebPage\",\"@id\":\"https:\\\/\\\/nanexa.com\\\/mfn_news\\\/lyckad-invigning-av-nanexas-nya-pilotanlaggning-i-uppsala\\\/\",\"url\":\"https:\\\/\\\/nanexa.com\\\/mfn_news\\\/lyckad-invigning-av-nanexas-nya-pilotanlaggning-i-uppsala\\\/\",\"name\":\"Lyckad invigning av Nanexas nya pilotanl\u00e4ggning i Uppsala - Nanexa AB\",\"isPartOf\":{\"@id\":\"https:\\\/\\\/nanexa.com\\\/#website\"},\"datePublished\":\"2022-06-10T13:45:00+00:00\",\"breadcrumb\":{\"@id\":\"https:\\\/\\\/nanexa.com\\\/mfn_news\\\/lyckad-invigning-av-nanexas-nya-pilotanlaggning-i-uppsala\\\/#breadcrumb\"},\"inLanguage\":\"sv-SE\",\"potentialAction\":[{\"@type\":\"ReadAction\",\"target\":[\"https:\\\/\\\/nanexa.com\\\/mfn_news\\\/lyckad-invigning-av-nanexas-nya-pilotanlaggning-i-uppsala\\\/\"]}]},{\"@type\":\"BreadcrumbList\",\"@id\":\"https:\\\/\\\/nanexa.com\\\/mfn_news\\\/lyckad-invigning-av-nanexas-nya-pilotanlaggning-i-uppsala\\\/#breadcrumb\",\"itemListElement\":[{\"@type\":\"ListItem\",\"position\":1,\"name\":\"Hem\",\"item\":\"https:\\\/\\\/nanexa.com\\\/sv\\\/\"},{\"@type\":\"ListItem\",\"position\":2,\"name\":\"MFN News Items\",\"item\":\"https:\\\/\\\/nanexa.com\\\/mfn_news\\\/\"},{\"@type\":\"ListItem\",\"position\":3,\"name\":\"Lyckad invigning av Nanexas nya pilotanl\u00e4ggning i Uppsala\"}]},{\"@type\":\"WebSite\",\"@id\":\"https:\\\/\\\/nanexa.com\\\/#website\",\"url\":\"https:\\\/\\\/nanexa.com\\\/\",\"name\":\"Nanexa AB\",\"description\":\"\",\"publisher\":{\"@id\":\"https:\\\/\\\/nanexa.com\\\/#organization\"},\"potentialAction\":[{\"@type\":\"SearchAction\",\"target\":{\"@type\":\"EntryPoint\",\"urlTemplate\":\"https:\\\/\\\/nanexa.com\\\/?s={search_term_string}\"},\"query-input\":{\"@type\":\"PropertyValueSpecification\",\"valueRequired\":true,\"valueName\":\"search_term_string\"}}],\"inLanguage\":\"sv-SE\"},{\"@type\":\"Organization\",\"@id\":\"https:\\\/\\\/nanexa.com\\\/#organization\",\"name\":\"Nanexa AB\",\"url\":\"https:\\\/\\\/nanexa.com\\\/\",\"logo\":{\"@type\":\"ImageObject\",\"inLanguage\":\"sv-SE\",\"@id\":\"https:\\\/\\\/nanexa.com\\\/#\\\/schema\\\/logo\\\/image\\\/\",\"url\":\"https:\\\/\\\/nanexa.com\\\/wp-content\\\/uploads\\\/2015\\\/04\\\/nanexa-logo.png\",\"contentUrl\":\"https:\\\/\\\/nanexa.com\\\/wp-content\\\/uploads\\\/2015\\\/04\\\/nanexa-logo.png\",\"width\":165,\"height\":50,\"caption\":\"Nanexa AB\"},\"image\":{\"@id\":\"https:\\\/\\\/nanexa.com\\\/#\\\/schema\\\/logo\\\/image\\\/\"}}]}<\/script>\n<!-- \/ Yoast SEO plugin. -->","yoast_head_json":{"title":"Lyckad invigning av Nanexas nya pilotanl\u00e4ggning i Uppsala - Nanexa AB","robots":{"index":"index","follow":"follow","max-snippet":"max-snippet:-1","max-image-preview":"max-image-preview:large","max-video-preview":"max-video-preview:-1"},"canonical":"https:\/\/nanexa.com\/mfn_news\/lyckad-invigning-av-nanexas-nya-pilotanlaggning-i-uppsala\/","og_locale":"sv_SE","og_type":"article","og_title":"Lyckad invigning av Nanexas nya pilotanl\u00e4ggning i Uppsala - Nanexa AB","og_description":"Den 9 juni invigdes Nanexas nya satsning i Uppsala Business Park \u2013 en pilotanl\u00e4ggning p\u00e5 900 kvadratmeter som inhyser kontor, R&amp;D-labb samt produktionsanl\u00e4ggning.","og_url":"https:\/\/nanexa.com\/mfn_news\/lyckad-invigning-av-nanexas-nya-pilotanlaggning-i-uppsala\/","og_site_name":"Nanexa AB","twitter_card":"summary_large_image","twitter_misc":{"Ber\u00e4knad l\u00e4stid":"2 minuter"},"schema":{"@context":"https:\/\/schema.org","@graph":[{"@type":"WebPage","@id":"https:\/\/nanexa.com\/mfn_news\/lyckad-invigning-av-nanexas-nya-pilotanlaggning-i-uppsala\/","url":"https:\/\/nanexa.com\/mfn_news\/lyckad-invigning-av-nanexas-nya-pilotanlaggning-i-uppsala\/","name":"Lyckad invigning av Nanexas nya pilotanl\u00e4ggning i Uppsala - Nanexa AB","isPartOf":{"@id":"https:\/\/nanexa.com\/#website"},"datePublished":"2022-06-10T13:45:00+00:00","breadcrumb":{"@id":"https:\/\/nanexa.com\/mfn_news\/lyckad-invigning-av-nanexas-nya-pilotanlaggning-i-uppsala\/#breadcrumb"},"inLanguage":"sv-SE","potentialAction":[{"@type":"ReadAction","target":["https:\/\/nanexa.com\/mfn_news\/lyckad-invigning-av-nanexas-nya-pilotanlaggning-i-uppsala\/"]}]},{"@type":"BreadcrumbList","@id":"https:\/\/nanexa.com\/mfn_news\/lyckad-invigning-av-nanexas-nya-pilotanlaggning-i-uppsala\/#breadcrumb","itemListElement":[{"@type":"ListItem","position":1,"name":"Hem","item":"https:\/\/nanexa.com\/sv\/"},{"@type":"ListItem","position":2,"name":"MFN News Items","item":"https:\/\/nanexa.com\/mfn_news\/"},{"@type":"ListItem","position":3,"name":"Lyckad invigning av Nanexas nya pilotanl\u00e4ggning i Uppsala"}]},{"@type":"WebSite","@id":"https:\/\/nanexa.com\/#website","url":"https:\/\/nanexa.com\/","name":"Nanexa AB","description":"","publisher":{"@id":"https:\/\/nanexa.com\/#organization"},"potentialAction":[{"@type":"SearchAction","target":{"@type":"EntryPoint","urlTemplate":"https:\/\/nanexa.com\/?s={search_term_string}"},"query-input":{"@type":"PropertyValueSpecification","valueRequired":true,"valueName":"search_term_string"}}],"inLanguage":"sv-SE"},{"@type":"Organization","@id":"https:\/\/nanexa.com\/#organization","name":"Nanexa AB","url":"https:\/\/nanexa.com\/","logo":{"@type":"ImageObject","inLanguage":"sv-SE","@id":"https:\/\/nanexa.com\/#\/schema\/logo\/image\/","url":"https:\/\/nanexa.com\/wp-content\/uploads\/2015\/04\/nanexa-logo.png","contentUrl":"https:\/\/nanexa.com\/wp-content\/uploads\/2015\/04\/nanexa-logo.png","width":165,"height":50,"caption":"Nanexa AB"},"image":{"@id":"https:\/\/nanexa.com\/#\/schema\/logo\/image\/"}}]}},"_links":{"self":[{"href":"https:\/\/nanexa.com\/sv\/wp-json\/wp\/v2\/mfn_news\/6461","targetHints":{"allow":["GET"]}}],"collection":[{"href":"https:\/\/nanexa.com\/sv\/wp-json\/wp\/v2\/mfn_news"}],"about":[{"href":"https:\/\/nanexa.com\/sv\/wp-json\/wp\/v2\/types\/mfn_news"}],"wp:attachment":[{"href":"https:\/\/nanexa.com\/sv\/wp-json\/wp\/v2\/media?parent=6461"}],"curies":[{"name":"wp","href":"https:\/\/api.w.org\/{rel}","templated":true}]}}