{"id":6922,"date":"2023-09-28T08:00:00","date_gmt":"2023-09-28T08:00:00","guid":{"rendered":"https:\/\/nanexa.com\/mfn_news\/nanexa-bjuder-in-till-investerarmote-9-oktober-i-uppsala\/"},"modified":"2023-09-28T08:00:00","modified_gmt":"2023-09-28T08:00:00","slug":"nanexa-bjuder-in-till-investerarmote-9-oktober-i-uppsala","status":"publish","type":"mfn_news","link":"https:\/\/nanexa.com\/sv\/mfn_news\/nanexa-bjuder-in-till-investerarmote-9-oktober-i-uppsala\/","title":{"rendered":"Nanexa bjuder in till investerarm\u00f6te 9 oktober i Uppsala"},"content":{"rendered":"<div class=\"mfn-preamble\">\n<p><strong>Nanexa AB bjuder in investerare och analytiker till bolagets lokaler i Uppsala Business Park m\u00e5ndagen den 9 oktober klockan 10:00-13:00. Styrelseordf\u00f6rande G\u00f6ran Ando, vd David Westberg med flera fr\u00e5n ledningsgruppen kommer att presentera bolaget, motiv och m\u00e5l med den aviserade f\u00f6retr\u00e4desemissionen samt planerna fram\u00e5t.<\/strong><\/p>\n<\/div>\n<div class=\"mfn-body\">\n<p>Presentationen h\u00e5lls p\u00e5 svenska och deltagare ges m\u00f6jlighet att st\u00e4lla fr\u00e5gor.<\/p>\n<p><strong>Datum: <\/strong>M\u00e5ndag 9 oktober.<\/p>\n<p><strong>Tid:<\/strong> 10:00-13:00, enkel lunch serveras fr\u00e5n 12:00.<\/p>\n<p><strong>Plats: <\/strong>Uppsala Business Park, Rapsgatan 7, Uppsala.<\/p>\n<p>V\u00e4lkommen att anm\u00e4la dig via e-post till <a href=\"mailto:maria.medeen@nanexa.se\" rel=\"noopener\" target=\"_blank\">maria.medeen@nanexa.se<\/a> senast den 5 oktober.<\/p>\n<\/div>\n<div class=\"mfn-footer mfn-contacts mfn-2376405b3437\">\n<p><strong class=\"mfn-heading-1\">F\u00f6r mer information kontakta:<\/strong><\/p>\n<hr \/>\n<p>David Westberg \u2013 VD, Nanexa AB (publ)\u00a0<br \/>Telefon: 0709-42 83 03<br \/>E-post:\u00a0<a href=\"mailto:david.westberg@nanexa.se\" rel=\"noopener\" target=\"_blank\">david.westberg@nanexa.se<\/a><br \/><a href=\"http:\/\/www.nanexa.com\" rel=\"noopener\" target=\"_blank\">www.nanexa.com<\/a><\/p>\n<p>Erik Penser Bank \u00e4r bolagets Certified Adviser och n\u00e5s p\u00e5 08-463 83 00, e-post: certifiedadviser@penser.se<\/p>\n<\/div>\n<div class=\"mfn-footer mfn-about mfn-c9ba281e2dde\">\n<p><strong class=\"mfn-heading-1\">Om Nanexa AB (publ)<\/strong><\/p>\n<hr \/>\n<p>Nanexa \u00e4r ett l\u00e4kemedelsbolag som utvecklar injicerbara l\u00e4kemedel baserade p\u00e5 det patenterade och innovativa drug delivery-systemet PharmaShell\u00ae \u2013 ett system som m\u00f6jligg\u00f6r n\u00e4sta generations l\u00e5ngverkande injicerbara l\u00e4kemedel med h\u00f6g drug load, tillverkade med atomlagerprecision. Nanexa utvecklar egna produkter och har dessutom samarbetsavtal med flera l\u00e4kemedelsbolag, d\u00e4ribland Novo Nordisk och AstraZeneca.<\/p>\n<p>Nanexas aktie \u00e4r noterad p\u00e5 Nasdaq First North Growth Market i Stockholm (NANEXA).<\/p>\n<\/div>\n<div class=\"mfn-footer mfn-attachment mfn-attachment-general\">\n<p><strong class=\"mfn-heading-1\">Bifogade filer<\/strong><\/p>\n<hr \/>\n<p><a class=\"mfn-generated mfn-primary\" href=\"https:\/\/storage.mfn.se\/f862ae45-b055-4f0a-8272-e3bca6654b1a\/nanexa-bjuder-in-till-investerarmote-9-oktober-i-uppsala.pdf\" rel=\"noopener\" target=\"_blank\">Nanexa bjuder in till investerarm\u00f6te 9 oktober i Uppsala<\/a><\/p>\n<\/div>\n","protected":false},"excerpt":{"rendered":"<p>Nanexa AB bjuder in investerare och analytiker till bolagets lokaler i Uppsala Business Park m\u00e5ndagen den 9 oktober klockan 10:00-13:00. Styrelseordf\u00f6rande G\u00f6ran Ando, vd David Westberg med flera fr\u00e5n ledningsgruppen kommer att presentera bolaget, motiv och m\u00e5l med den aviserade f\u00f6retr\u00e4desemissionen samt planerna fram\u00e5t.<\/p>\n","protected":false},"template":"","class_list":["post-6922","mfn_news","type-mfn_news","status-publish","hentry","mfn-news-tag-mfn-ci_sv","mfn-news-tag-mfn-type-ir_sv","mfn-news-tag-mfn_sv","mfn-news-tag-mfn-ci-other_sv","mfn-news-tag-mfn-lang-sv_sv"],"acf":[],"yoast_head":"<!-- This site is optimized with the Yoast SEO plugin v27.4 - https:\/\/yoast.com\/product\/yoast-seo-wordpress\/ -->\n<title>Nanexa bjuder in till investerarm\u00f6te 9 oktober i Uppsala - Nanexa AB<\/title>\n<meta name=\"robots\" content=\"index, follow, max-snippet:-1, max-image-preview:large, max-video-preview:-1\" \/>\n<link rel=\"canonical\" href=\"https:\/\/nanexa.com\/mfn_news\/nanexa-bjuder-in-till-investerarmote-9-oktober-i-uppsala\/\" \/>\n<meta property=\"og:locale\" content=\"sv_SE\" \/>\n<meta property=\"og:type\" content=\"article\" \/>\n<meta property=\"og:title\" content=\"Nanexa bjuder in till investerarm\u00f6te 9 oktober i Uppsala - Nanexa AB\" \/>\n<meta property=\"og:description\" content=\"Nanexa AB bjuder in investerare och analytiker till bolagets lokaler i Uppsala Business Park m\u00e5ndagen den 9 oktober klockan 10:00-13:00. Styrelseordf\u00f6rande G\u00f6ran Ando, vd David Westberg med flera fr\u00e5n ledningsgruppen kommer att presentera bolaget, motiv och m\u00e5l med den aviserade f\u00f6retr\u00e4desemissionen samt planerna fram\u00e5t.\" \/>\n<meta property=\"og:url\" content=\"https:\/\/nanexa.com\/mfn_news\/nanexa-bjuder-in-till-investerarmote-9-oktober-i-uppsala\/\" \/>\n<meta property=\"og:site_name\" content=\"Nanexa AB\" \/>\n<meta name=\"twitter:card\" content=\"summary_large_image\" \/>\n<meta name=\"twitter:label1\" content=\"Ber\u00e4knad l\u00e4stid\" \/>\n\t<meta name=\"twitter:data1\" content=\"1 minut\" \/>\n<script type=\"application\/ld+json\" class=\"yoast-schema-graph\">{\"@context\":\"https:\\\/\\\/schema.org\",\"@graph\":[{\"@type\":\"WebPage\",\"@id\":\"https:\\\/\\\/nanexa.com\\\/mfn_news\\\/nanexa-bjuder-in-till-investerarmote-9-oktober-i-uppsala\\\/\",\"url\":\"https:\\\/\\\/nanexa.com\\\/mfn_news\\\/nanexa-bjuder-in-till-investerarmote-9-oktober-i-uppsala\\\/\",\"name\":\"Nanexa bjuder in till investerarm\u00f6te 9 oktober i Uppsala - Nanexa AB\",\"isPartOf\":{\"@id\":\"https:\\\/\\\/nanexa.com\\\/#website\"},\"datePublished\":\"2023-09-28T08:00:00+00:00\",\"breadcrumb\":{\"@id\":\"https:\\\/\\\/nanexa.com\\\/mfn_news\\\/nanexa-bjuder-in-till-investerarmote-9-oktober-i-uppsala\\\/#breadcrumb\"},\"inLanguage\":\"sv-SE\",\"potentialAction\":[{\"@type\":\"ReadAction\",\"target\":[\"https:\\\/\\\/nanexa.com\\\/mfn_news\\\/nanexa-bjuder-in-till-investerarmote-9-oktober-i-uppsala\\\/\"]}]},{\"@type\":\"BreadcrumbList\",\"@id\":\"https:\\\/\\\/nanexa.com\\\/mfn_news\\\/nanexa-bjuder-in-till-investerarmote-9-oktober-i-uppsala\\\/#breadcrumb\",\"itemListElement\":[{\"@type\":\"ListItem\",\"position\":1,\"name\":\"Hem\",\"item\":\"https:\\\/\\\/nanexa.com\\\/sv\\\/\"},{\"@type\":\"ListItem\",\"position\":2,\"name\":\"MFN News Items\",\"item\":\"https:\\\/\\\/nanexa.com\\\/mfn_news\\\/\"},{\"@type\":\"ListItem\",\"position\":3,\"name\":\"Nanexa bjuder in till investerarm\u00f6te 9 oktober i Uppsala\"}]},{\"@type\":\"WebSite\",\"@id\":\"https:\\\/\\\/nanexa.com\\\/#website\",\"url\":\"https:\\\/\\\/nanexa.com\\\/\",\"name\":\"Nanexa AB\",\"description\":\"\",\"publisher\":{\"@id\":\"https:\\\/\\\/nanexa.com\\\/#organization\"},\"potentialAction\":[{\"@type\":\"SearchAction\",\"target\":{\"@type\":\"EntryPoint\",\"urlTemplate\":\"https:\\\/\\\/nanexa.com\\\/?s={search_term_string}\"},\"query-input\":{\"@type\":\"PropertyValueSpecification\",\"valueRequired\":true,\"valueName\":\"search_term_string\"}}],\"inLanguage\":\"sv-SE\"},{\"@type\":\"Organization\",\"@id\":\"https:\\\/\\\/nanexa.com\\\/#organization\",\"name\":\"Nanexa AB\",\"url\":\"https:\\\/\\\/nanexa.com\\\/\",\"logo\":{\"@type\":\"ImageObject\",\"inLanguage\":\"sv-SE\",\"@id\":\"https:\\\/\\\/nanexa.com\\\/#\\\/schema\\\/logo\\\/image\\\/\",\"url\":\"https:\\\/\\\/nanexa.com\\\/wp-content\\\/uploads\\\/2015\\\/04\\\/nanexa-logo.png\",\"contentUrl\":\"https:\\\/\\\/nanexa.com\\\/wp-content\\\/uploads\\\/2015\\\/04\\\/nanexa-logo.png\",\"width\":165,\"height\":50,\"caption\":\"Nanexa AB\"},\"image\":{\"@id\":\"https:\\\/\\\/nanexa.com\\\/#\\\/schema\\\/logo\\\/image\\\/\"}}]}<\/script>\n<!-- \/ Yoast SEO plugin. -->","yoast_head_json":{"title":"Nanexa bjuder in till investerarm\u00f6te 9 oktober i Uppsala - Nanexa AB","robots":{"index":"index","follow":"follow","max-snippet":"max-snippet:-1","max-image-preview":"max-image-preview:large","max-video-preview":"max-video-preview:-1"},"canonical":"https:\/\/nanexa.com\/mfn_news\/nanexa-bjuder-in-till-investerarmote-9-oktober-i-uppsala\/","og_locale":"sv_SE","og_type":"article","og_title":"Nanexa bjuder in till investerarm\u00f6te 9 oktober i Uppsala - Nanexa AB","og_description":"Nanexa AB bjuder in investerare och analytiker till bolagets lokaler i Uppsala Business Park m\u00e5ndagen den 9 oktober klockan 10:00-13:00. Styrelseordf\u00f6rande G\u00f6ran Ando, vd David Westberg med flera fr\u00e5n ledningsgruppen kommer att presentera bolaget, motiv och m\u00e5l med den aviserade f\u00f6retr\u00e4desemissionen samt planerna fram\u00e5t.","og_url":"https:\/\/nanexa.com\/mfn_news\/nanexa-bjuder-in-till-investerarmote-9-oktober-i-uppsala\/","og_site_name":"Nanexa AB","twitter_card":"summary_large_image","twitter_misc":{"Ber\u00e4knad l\u00e4stid":"1 minut"},"schema":{"@context":"https:\/\/schema.org","@graph":[{"@type":"WebPage","@id":"https:\/\/nanexa.com\/mfn_news\/nanexa-bjuder-in-till-investerarmote-9-oktober-i-uppsala\/","url":"https:\/\/nanexa.com\/mfn_news\/nanexa-bjuder-in-till-investerarmote-9-oktober-i-uppsala\/","name":"Nanexa bjuder in till investerarm\u00f6te 9 oktober i Uppsala - Nanexa AB","isPartOf":{"@id":"https:\/\/nanexa.com\/#website"},"datePublished":"2023-09-28T08:00:00+00:00","breadcrumb":{"@id":"https:\/\/nanexa.com\/mfn_news\/nanexa-bjuder-in-till-investerarmote-9-oktober-i-uppsala\/#breadcrumb"},"inLanguage":"sv-SE","potentialAction":[{"@type":"ReadAction","target":["https:\/\/nanexa.com\/mfn_news\/nanexa-bjuder-in-till-investerarmote-9-oktober-i-uppsala\/"]}]},{"@type":"BreadcrumbList","@id":"https:\/\/nanexa.com\/mfn_news\/nanexa-bjuder-in-till-investerarmote-9-oktober-i-uppsala\/#breadcrumb","itemListElement":[{"@type":"ListItem","position":1,"name":"Hem","item":"https:\/\/nanexa.com\/sv\/"},{"@type":"ListItem","position":2,"name":"MFN News Items","item":"https:\/\/nanexa.com\/mfn_news\/"},{"@type":"ListItem","position":3,"name":"Nanexa bjuder in till investerarm\u00f6te 9 oktober i Uppsala"}]},{"@type":"WebSite","@id":"https:\/\/nanexa.com\/#website","url":"https:\/\/nanexa.com\/","name":"Nanexa AB","description":"","publisher":{"@id":"https:\/\/nanexa.com\/#organization"},"potentialAction":[{"@type":"SearchAction","target":{"@type":"EntryPoint","urlTemplate":"https:\/\/nanexa.com\/?s={search_term_string}"},"query-input":{"@type":"PropertyValueSpecification","valueRequired":true,"valueName":"search_term_string"}}],"inLanguage":"sv-SE"},{"@type":"Organization","@id":"https:\/\/nanexa.com\/#organization","name":"Nanexa AB","url":"https:\/\/nanexa.com\/","logo":{"@type":"ImageObject","inLanguage":"sv-SE","@id":"https:\/\/nanexa.com\/#\/schema\/logo\/image\/","url":"https:\/\/nanexa.com\/wp-content\/uploads\/2015\/04\/nanexa-logo.png","contentUrl":"https:\/\/nanexa.com\/wp-content\/uploads\/2015\/04\/nanexa-logo.png","width":165,"height":50,"caption":"Nanexa AB"},"image":{"@id":"https:\/\/nanexa.com\/#\/schema\/logo\/image\/"}}]}},"_links":{"self":[{"href":"https:\/\/nanexa.com\/sv\/wp-json\/wp\/v2\/mfn_news\/6922","targetHints":{"allow":["GET"]}}],"collection":[{"href":"https:\/\/nanexa.com\/sv\/wp-json\/wp\/v2\/mfn_news"}],"about":[{"href":"https:\/\/nanexa.com\/sv\/wp-json\/wp\/v2\/types\/mfn_news"}],"wp:attachment":[{"href":"https:\/\/nanexa.com\/sv\/wp-json\/wp\/v2\/media?parent=6922"}],"curies":[{"name":"wp","href":"https:\/\/api.w.org\/{rel}","templated":true}]}}