{"id":7755,"date":"2026-04-08T08:01:00","date_gmt":"2026-04-08T06:01:00","guid":{"rendered":"https:\/\/nanexa.com\/mfn_news\/kallelse-till-arsstamma-i-nanexa-ab-publ-3\/"},"modified":"2026-04-08T08:01:00","modified_gmt":"2026-04-08T06:01:00","slug":"kallelse-till-arsstamma-i-nanexa-ab-publ-3","status":"publish","type":"mfn_news","link":"https:\/\/nanexa.com\/sv\/mfn_news\/kallelse-till-arsstamma-i-nanexa-ab-publ-3\/","title":{"rendered":"Kallelse till \u00e5rsst\u00e4mma i Nanexa AB (publ)"},"content":{"rendered":"<div class=\"mfn-preamble\">\n<p><strong>Aktie\u00e4garna i Nanexa AB (publ),<\/strong><strong>org.nr 556833\u20130285 (\u201dBolaget\u201d) kallas h\u00e4rmed till \u00e5rsst\u00e4mma tisdagen den 12 maj 2026, kl. 15:00, p\u00e5 Uppsala Business Park, Rapsgatan 7, Uppsala.<\/strong><\/p>\n<\/div>\n<div class=\"mfn-body\">\n<p><strong class=\"mfn-heading-1\">Anm\u00e4lan m.m.<\/strong><\/p>\n<p>Aktie\u00e4gare som \u00f6nskar delta i \u00e5rsst\u00e4mman ska:<\/p>\n<p>\u2022 dels vara registrerad i eget namn (inte f\u00f6rvaltarregistrerad) i den av Euroclear Sweden AB f\u00f6rda aktieboken m\u00e5ndagen den 4 maj 2026 (avst\u00e4mningsdagen),<\/p>\n<p>\u2022 dels anm\u00e4la sin avsikt att delta i bolagsst\u00e4mman senast torsdagen den 7 maj 2026 per brev till adress Nanexa AB, Virdings All\u00e9 2, 754 50 Uppsala, via e-post till info@nanexa.se eller per telefon 018-100 300.<\/p>\n<p><strong class=\"mfn-heading-1\">Vid anm\u00e4lan uppges aktie\u00e4garens namn, person- eller organisationsnummer, adress, telefonnummer, aktieinnehav, uppgift om eventuella bitr\u00e4den samt i f\u00f6rekommande fall uppgift om st\u00e4llf\u00f6retr\u00e4dare eller ombud.<\/strong><\/p>\n<p><strong class=\"mfn-heading-1\">F\u00f6rvaltarregistrerade aktier<\/strong><br \/>Aktie\u00e4gare som l\u00e5tit f\u00f6rvaltarregistrera sina aktier m\u00e5ste, f\u00f6r att f\u00e5 ut\u00f6va sin r\u00f6str\u00e4tt och delta i st\u00e4mman, dels anm\u00e4la sig till st\u00e4mman, dels tillf\u00e4lligt inregistrera aktierna i eget namn hos Euroclear Sweden AB (s\u00e5 kallad r\u00f6str\u00e4ttsregistrering), s\u00e5 att vederb\u00f6rande \u00e4r inf\u00f6rd i den av Euroclear Sweden AB f\u00f6rda aktieboken per avst\u00e4mningsdagen, dvs. m\u00e5ndagen den 4 maj 2026. R\u00f6str\u00e4ttsregistrering som av aktie\u00e4gare har beg\u00e4rts i s\u00e5dan tid att registreringen har gjorts av relevant f\u00f6rvaltare senast onsdagen den 6 maj 2026 kommer att beaktas vid uppr\u00e4ttande av r\u00f6stl\u00e4ngd p\u00e5 st\u00e4mman. Detta inneb\u00e4r att aktie\u00e4gare i god tid f\u00f6re denna dag beh\u00f6ver meddela sin \u00f6nskan h\u00e4rom till f\u00f6rvaltaren.<\/p>\n<p><strong class=\"mfn-heading-1\">Ombud<\/strong><br \/>Aktie\u00e4gare som f\u00f6retr\u00e4ds genom ombud ska utf\u00e4rda skriftlig och daterad fullmakt f\u00f6r ombudet. Fullmakten f\u00e5r inte vara utf\u00e4rdad tidigare \u00e4n fem \u00e5r f\u00f6re dagen f\u00f6r st\u00e4mman. Fullmakten i original samt registreringsbevis och andra beh\u00f6righetshandlingar utvisande beh\u00f6rig f\u00f6retr\u00e4dare f\u00f6r juridisk person b\u00f6r ins\u00e4ndas till Bolaget p\u00e5 ovan angiven adress. Bolaget tillhandah\u00e5ller fullmaktsformul\u00e4r p\u00e5 beg\u00e4ran och detta finns ocks\u00e5 tillg\u00e4ngligt p\u00e5 Bolagets webbplats, <a href=\"http:\/\/www.nanexa.\/\" rel=\"noopener\" target=\"_blank\">www.nanexa.<\/a>com.<\/p>\n<p><strong class=\"mfn-heading-1\">Antal aktier och r\u00f6ster<\/strong><br \/>I Bolaget finns vid tidpunkten f\u00f6r utf\u00e4rdandet av denna kallelse totalt 184\u00a0786 535 aktier och r\u00f6ster.<\/p>\n<p><strong class=\"mfn-heading-1\">F\u00f6rslag till dagordning<\/strong><br \/>1. \u00d6ppnande av st\u00e4mman och val av ordf\u00f6rande<\/p>\n<p>2. Uppr\u00e4ttande och godk\u00e4nnande av r\u00f6stl\u00e4ngd<\/p>\n<p>3. Val av en eller tv\u00e5 justeringsm\u00e4n<\/p>\n<p>4. Pr\u00f6vning av om st\u00e4mman blivit beh\u00f6rigen sammankallad<\/p>\n<p>5. Godk\u00e4nnande av dagordning<\/p>\n<p>6. Framl\u00e4ggande av \u00e5rsredovisningen och revisionsber\u00e4ttelsen<\/p>\n<p>7. Verkst\u00e4llande direkt\u00f6rens anf\u00f6rande<\/p>\n<p>8. Beslut om:<\/p>\n<p>a) fastst\u00e4llelse av resultatr\u00e4kningen och balansr\u00e4kningen,<\/p>\n<p>b) dispositioner betr\u00e4ffande Bolagets vinst eller f\u00f6rlust enligt den fastst\u00e4llda balansr\u00e4kningen, samt<\/p>\n<p>c) ansvarsfrihet gentemot Bolaget f\u00f6r styrelseledam\u00f6ter och verkst\u00e4llande direkt\u00f6ren.<\/p>\n<p>9. Fastst\u00e4llande av arvoden till styrelse och revisor<\/p>\n<p>10. Val av styrelse och revisor<\/p>\n<p>11. Inr\u00e4ttande av valberedning samt fastst\u00e4llande av valberedningsinstruktion<\/p>\n<p>12. Beslut om bemyndigande avseende f\u00f6retr\u00e4desemission<\/p>\n<p>13. Beslut om bemyndigande avseende riktad emission<\/p>\n<p>14. St\u00e4mmans avslutande<\/p>\n<p><strong class=\"mfn-heading-1\">F\u00f6rslag till beslut<\/strong><\/p>\n<p><em><strong>Punkt\u00a01 \u2013 \u00d6ppnande av st\u00e4mman och val av ordf\u00f6rande<\/strong><\/em><br \/>Valberedningen f\u00f6resl\u00e5r att advokat Gunnar Mattsson v\u00e4ljs till ordf\u00f6rande vid st\u00e4mman.<\/p>\n<p>Valberedningen inf\u00f6r \u00e5rsst\u00e4mman 2026 har best\u00e5tt av Marlon V\u00e4rnik, utsedd av Exelity AB, Jonas P\u00e5lsson och G\u00f6ran Ando (styrelseordf\u00f6rande), adjungerad.<\/p>\n<p><em><strong>Punkt\u00a08b) \u2013 Dispositioner betr\u00e4ffande Bolagets resultat enligt den fastst\u00e4llda balansr\u00e4kningen<\/strong><\/em><br \/>Styrelsen f\u00f6resl\u00e5r att ingen utdelning ska l\u00e4mnas samt att Bolagets resultat balanseras i ny r\u00e4kning.<\/p>\n<p><em><strong>Punkt\u00a09 \u2013 Fastst\u00e4llande av arvoden till styrelse och revisor<\/strong><\/em><br \/>Valberedningen f\u00f6resl\u00e5r att arvode ska utg\u00e5 till styrelsens ordf\u00f6rande med 260 000 (260\u00a0000) kronor, till \u00f6vriga ledam\u00f6ter, som inte \u00e4r anst\u00e4llda i Bolaget, med 130\u00a0000 (130\u00a0000) kronor, till revisionsutskottets ordf\u00f6rande med 100 000 (100\u00a0000) kronor, samt till \u00f6vriga ledam\u00f6ter som ing\u00e5r i revisionsutskottet med 50 000 (50\u00a0000) kronor. F\u00f6reg\u00e5ende \u00e5rs arvoden anges inom parentes. Bolagets revisor f\u00f6resl\u00e5s arvoderas enligt godk\u00e4nd r\u00e4kning.<\/p>\n<p><em><strong>Punkt\u00a010 \u2013 Val av styrelse och revisor<\/strong><\/em><br \/>Valberedningen f\u00f6resl\u00e5r omval av G\u00f6ran Ando, Richard Davis, Jakob Dynnes Hansen, Birgit Stattin Norinder och Hanna Tilus som styrelseledam\u00f6ter.<\/p>\n<p>Till styrelseordf\u00f6rande f\u00f6resl\u00e5s omval av G\u00f6ran Ando.<\/p>\n<p>Valberedningen f\u00f6resl\u00e5r omval av \u00d6hrlings PricewaterhouseCoopers AB som Bolagets revisor. Auktoriserade revisorn Niclas Bergenmo kommer i s\u00e5 fall att forts\u00e4tta som huvudansvarig revisor.<\/p>\n<p><em><strong>Punkt\u00a011 \u2013 Inr\u00e4ttande av valberedning samt fastst\u00e4llande av valberedningsinstruktion<\/strong><\/em><br \/>Styrelsen f\u00f6resl\u00e5r att \u00e5rsst\u00e4mman beslutar att inr\u00e4tta en valberedning inf\u00f6r \u00e5rsst\u00e4mman 2027 som ska utses enligt f\u00f6ljande principer.<\/p>\n<p>St\u00e4mman uppdrar \u00e5t styrelsens ordf\u00f6rande att ta kontakt med de tre r\u00f6stm\u00e4ssigt st\u00f6rsta aktie\u00e4garna enligt Euroclear Sweden AB:s utskrift av aktieboken per den 30 september 2026, som vardera utser en ledamot av valberedningen. F\u00f6r det fall n\u00e5gon av de tre st\u00f6rsta aktie\u00e4garna inte \u00f6nskar utse en ledamot av valberedningen ska den fj\u00e4rde st\u00f6rsta aktie\u00e4garen tillfr\u00e5gas och s\u00e5 vidare intill dess att valberedningen best\u00e5r av tre ledam\u00f6ter. Fler \u00e4n tio aktie\u00e4gare beh\u00f6ver dock inte tillfr\u00e5gas. Vidare ska styrelsens ordf\u00f6rande adjungeras till valberedningen.<\/p>\n<p>Valberedningens ledam\u00f6ter ska offentligg\u00f6ras p\u00e5 Bolagets hemsida senast sex m\u00e5nader f\u00f6re n\u00e4sta \u00e5rsst\u00e4mma. Mandatperioden f\u00f6r den utsedda valberedningen ska l\u00f6pa intill dess att ny valberedning utsetts enligt mandat fr\u00e5n n\u00e4sta \u00e5rsst\u00e4mma.<\/p>\n<p>Valberedningen utser ordf\u00f6rande inom gruppen. Styrelseordf\u00f6randen eller annan styrelseledamot ska inte vara ordf\u00f6rande f\u00f6r valberedningen.<\/p>\n<p>Om en ledamot l\u00e4mnar valberedningen innan dess arbete \u00e4r slutf\u00f6rt och om valberedningen anser att det finns behov av att ers\u00e4tta denna ledamot, ska valberedningen utse ny ledamot enligt principerna ovan, men med utg\u00e5ngspunkt i Euroclear Sweden AB:s utskrift av aktieboken snarast m\u00f6jligt efter det att ledamoten l\u00e4mnat sin post. \u00c4ndring i valberedningens sammans\u00e4ttning ska omedelbart offentligg\u00f6ras.<\/p>\n<p>Arvode ska inte utg\u00e5 till valberedningens ledam\u00f6ter. Valberedningen f\u00e5r dock belasta Bolaget med sk\u00e4liga kostnader som uppst\u00e5r i nomineringsprocessen.<\/p>\n<p>Valberedningen ska inf\u00f6r \u00e5rsst\u00e4mman 2027 f\u00f6rbereda f\u00f6rslag till f\u00f6ljande beslut:<\/p>\n<p>1) f\u00f6rslag till val av ordf\u00f6rande vid \u00e5rsst\u00e4mman,<\/p>\n<p>2) f\u00f6rslag till styrelsearvoden och ers\u00e4ttning till Bolagets revisorer,<\/p>\n<p>3) f\u00f6rslag till val av styrelseledam\u00f6ter,<\/p>\n<p>4) f\u00f6rslag till val av styrelseordf\u00f6rande,<\/p>\n<p>5) f\u00f6rslag till val av revisorer, och<\/p>\n<p>6) f\u00f6rslag till principer f\u00f6r utseende av ledam\u00f6ter till valberedningen samt f\u00f6rslag till beslut om riktlinjer f\u00f6r valberedningen inf\u00f6r \u00e5rsst\u00e4mman 2027.<\/p>\n<p><em><strong>Punkt 12 &#8211; Beslut om bemyndigande avseende f\u00f6retr\u00e4desemission<\/strong><\/em><br \/>Styrelsen f\u00f6resl\u00e5r att \u00e5rsst\u00e4mman beslutar att bemyndiga styrelsen att, vid ett eller flera tillf\u00e4llen, f\u00f6r tiden intill n\u00e4sta \u00e5rsst\u00e4mma, fatta beslut om emission av aktier, teckningsoptioner och\/eller konvertibler. Emission ska ske med f\u00f6retr\u00e4de f\u00f6r befintliga aktie\u00e4gare.<\/p>\n<p><em><strong>Punkt 13 &#8211; Beslut om bemyndigande avseende riktad emission<\/strong><\/em><br \/>Styrelsen f\u00f6resl\u00e5r att \u00e5rsst\u00e4mman beslutar att bemyndiga styrelsen att, vid ett eller flera tillf\u00e4llen, f\u00f6r tiden intill n\u00e4sta \u00e5rsst\u00e4mma, fatta beslut om emission av aktier, teckningsoptioner och\/eller konvertibler. Styrelsen ska kunna besluta om emission med avvikelse fr\u00e5n aktie\u00e4garnas f\u00f6retr\u00e4desr\u00e4tt och\/eller med best\u00e4mmelse om apport, kvittning eller eljest med villkor. Styrelsen ska dock, med st\u00f6d av detta bemyndigande, inte kunna fatta beslut som inneb\u00e4r att aktiekapitalet \u00f6kas med mer \u00e4n tjugo (20) procent i f\u00f6rh\u00e5llande till det aktiekapital som f\u00f6religger n\u00e4r emissionsbemyndigandet f\u00f6rsta g\u00e5ngen tas i anspr\u00e5k.<\/p>\n<p>Sk\u00e4let till att styrelsen ska kunna fatta beslut om emission med avvikelse fr\u00e5n aktie\u00e4gares f\u00f6retr\u00e4desr\u00e4tt och\/eller med best\u00e4mmelse om apport, kvittning eller villkor enligt ovan \u00e4r att Bolaget ska kunna emittera aktier, teckningsoptioner och\/eller konvertibler i syfte att inf\u00f6rskaffa nytt kapital samt att m\u00f6jligg\u00f6ra f\u00f6r styrelsen att rikta emissioner till investerare som styrelsen bed\u00f6mer vara strategiskt viktiga f\u00f6r Bolaget.<\/p>\n<p>F\u00f6r beslut i enlighet med f\u00f6rslaget kr\u00e4vs att beslutet bitr\u00e4ds av aktie\u00e4gare med minst tv\u00e5 tredjedelar av s\u00e5v\u00e4l de avgivna r\u00f6sterna som de aktier som \u00e4r f\u00f6retr\u00e4dda vid st\u00e4mman.<\/p>\n<p><strong class=\"mfn-heading-1\">Behandling av personuppgifter<\/strong><br \/>I samband med bolagsst\u00e4mman kommer personuppgifter att behandlas i enlighet med Bolagets integritetspolicy, som finns tillg\u00e4nglig p\u00e5 Bolagets webbplats <a href=\"http:\/\/www.nanexa.com\/\" rel=\"noopener\" target=\"_blank\">www.nanexa.com<\/a>.<\/p>\n<p><strong class=\"mfn-heading-1\">Fr\u00e5gor till styrelse och vd<\/strong><br \/>Styrelsen och verkst\u00e4llande direkt\u00f6ren ska, om n\u00e5gon aktie\u00e4gare beg\u00e4r det och styrelsen anser att det kan ske utan v\u00e4sentlig skada f\u00f6r Bolaget, l\u00e4mna upplysningar om f\u00f6rh\u00e5llanden som kan inverka p\u00e5 bed\u00f6mningen av ett \u00e4rende p\u00e5 dagordningen eller Bolagets ekonomiska situation.<\/p>\n<p><strong class=\"mfn-heading-1\">Tillhandah\u00e5llande av handlingar<\/strong><br \/>\u00c5rsredovisning och revisionsber\u00e4ttelse samt \u00f6vriga handlingar enligt aktiebolagslagen finns tillg\u00e4ngliga hos Bolaget och p\u00e5 Bolagets webbplats, <a href=\"http:\/\/www.nanexa.com\/\" rel=\"noopener\" target=\"_blank\">www.nanexa.com<\/a> senast tisdagen den 28 april 2026. Handlingarna skickas utan kostnad till de aktie\u00e4gare som beg\u00e4r det och som uppger sin post- eller e-postadress.<\/p>\n<p style=\"text-align: center\">Uppsala i april 2026<\/p>\n<p style=\"text-align: center\"><strong>Nanexa AB (publ)<\/strong><\/p>\n<p style=\"text-align: center\"><em>Styrelsen<\/em><\/p>\n<\/div>\n<div class=\"mfn-footer mfn-contacts mfn-2376405b3437\">\n<p><strong class=\"mfn-heading-1\">F\u00f6r mer information kontakta:<\/strong><\/p>\n<hr \/>\n<p>David Westberg \u2013 vd, Nanexa AB (publ)\u00a0<br \/>Telefon: 0709-42 83 03<br \/>E-post:\u00a0<a href=\"mailto:david.westberg@nanexa.se\" rel=\"noopener\" target=\"_blank\">david.westberg@nanexa.se<\/a><br \/><a href=\"http:\/\/www.nanexa.com\" rel=\"noopener\" target=\"_blank\">www.nanexa.com<\/a><\/p>\n<p>Bolagets Certified Adviser \u00e4r Tapper Partners AB.<\/p>\n<\/div>\n<div class=\"mfn-footer mfn-about mfn-c9ba281e2dde\">\n<p><strong class=\"mfn-heading-1\">Om Nanexa AB (publ)<\/strong><\/p>\n<hr \/>\n<p>Nanexa introducerar kontroll, precision och m\u00e5ngsidighet till l\u00e4kemedelsformuleringar med hj\u00e4lp av ALD-teknik (Atomic Layer Deposition). F\u00f6retagets patenterade PharmaShell\u00ae-plattform \u00e4r ett unikt drug delivery-system som m\u00f6jligg\u00f6r h\u00f6g drug load vilket ger l\u00e5g injektionsvolym och skapar en ny generation formuleringar, s\u00e5 kallade \u201dsuper generics\u201d som ger st\u00f6rre bekv\u00e4mlighet och minskar kostnaderna vid behandling av allehanda sjukdomstillst\u00e5nd som metabola sjukdomar, t ex typ 2-diabetes och obesitas, hematologi\/onkologi, hj\u00e4rt-k\u00e4rlsjukdomar, psykiatri och m\u00e5nga andra.<br \/>Nanexa utvecklar egna l\u00e4kemedelsprodukter och har dessutom samarbetsavtal med flera l\u00e4kemedelsbolag, d\u00e4ribland det senaste licens- och optionsavtalet med Moderna.<\/p>\n<p>Nanexas aktie \u00e4r noterad p\u00e5 Nasdaq First North Growth Market i Stockholm (NANEXA).<\/p>\n<\/div>\n<div class=\"mfn-footer mfn-attachment mfn-attachment-general\">\n<p><strong class=\"mfn-heading-1\">Bifogade filer<\/strong><\/p>\n<hr \/>\n<p><a class=\"mfn-generated mfn-primary\" href=\"https:\/\/storage.mfn.se\/00351331-44e4-4f04-ac6c-4d2645597cef\/kallelse-till-arsstamma-i-nanexa-ab-publ.pdf\" rel=\"noopener\" target=\"_blank\">Kallelse till \u00e5rsst\u00e4mma i Nanexa AB (publ)<\/a><\/p>\n<\/div>\n","protected":false},"excerpt":{"rendered":"<p>Aktie\u00e4garna i Nanexa AB (publ),org.nr 556833\u20130285 (\u201dBolaget\u201d) kallas h\u00e4rmed till \u00e5rsst\u00e4mma tisdagen den 12 maj 2026, kl. 15:00, p\u00e5 Uppsala Business Park, Rapsgatan 7, Uppsala.<\/p>\n","protected":false},"template":"","class_list":["post-7755","mfn_news","type-mfn_news","status-publish","hentry","mfn-news-tag-mfn-ci_sv","mfn-news-tag-mfn-ci-gm_sv","mfn-news-tag-mfn-type-ir_sv","mfn-news-tag-mfn-ci-gm-notice_sv","mfn-news-tag-mfn-regulatory-listing_sv","mfn-news-tag-mfn_sv","mfn-news-tag-mfn-regulatory_sv","mfn-news-tag-mfn-lang-sv_sv"],"acf":[],"yoast_head":"<!-- This site is optimized with the Yoast SEO plugin v27.5 - https:\/\/yoast.com\/product\/yoast-seo-wordpress\/ -->\n<title>Kallelse till \u00e5rsst\u00e4mma i Nanexa AB (publ) - Nanexa AB<\/title>\n<meta name=\"robots\" content=\"index, follow, max-snippet:-1, max-image-preview:large, max-video-preview:-1\" \/>\n<link rel=\"canonical\" href=\"https:\/\/nanexa.com\/sv\/mfn_news\/kallelse-till-arsstamma-i-nanexa-ab-publ-3\/\" \/>\n<meta property=\"og:locale\" content=\"sv_SE\" \/>\n<meta property=\"og:type\" content=\"article\" \/>\n<meta property=\"og:title\" content=\"Kallelse till \u00e5rsst\u00e4mma i Nanexa AB (publ) - Nanexa AB\" \/>\n<meta property=\"og:description\" content=\"Aktie\u00e4garna i Nanexa AB (publ),org.nr 556833\u20130285 (\u201dBolaget\u201d) kallas h\u00e4rmed till \u00e5rsst\u00e4mma tisdagen den 12 maj 2026, kl. 15:00, p\u00e5 Uppsala Business Park, Rapsgatan 7, Uppsala.\" \/>\n<meta property=\"og:url\" content=\"https:\/\/nanexa.com\/sv\/mfn_news\/kallelse-till-arsstamma-i-nanexa-ab-publ-3\/\" \/>\n<meta property=\"og:site_name\" content=\"Nanexa AB\" \/>\n<meta name=\"twitter:card\" content=\"summary_large_image\" \/>\n<meta name=\"twitter:label1\" content=\"Ber\u00e4knad l\u00e4stid\" \/>\n\t<meta name=\"twitter:data1\" content=\"8 minuter\" \/>\n<script type=\"application\/ld+json\" class=\"yoast-schema-graph\">{\"@context\":\"https:\\\/\\\/schema.org\",\"@graph\":[{\"@type\":\"WebPage\",\"@id\":\"https:\\\/\\\/nanexa.com\\\/sv\\\/mfn_news\\\/kallelse-till-arsstamma-i-nanexa-ab-publ-3\\\/\",\"url\":\"https:\\\/\\\/nanexa.com\\\/sv\\\/mfn_news\\\/kallelse-till-arsstamma-i-nanexa-ab-publ-3\\\/\",\"name\":\"Kallelse till \u00e5rsst\u00e4mma i Nanexa AB (publ) - Nanexa AB\",\"isPartOf\":{\"@id\":\"https:\\\/\\\/nanexa.com\\\/#website\"},\"datePublished\":\"2026-04-08T06:01:00+00:00\",\"breadcrumb\":{\"@id\":\"https:\\\/\\\/nanexa.com\\\/sv\\\/mfn_news\\\/kallelse-till-arsstamma-i-nanexa-ab-publ-3\\\/#breadcrumb\"},\"inLanguage\":\"sv-SE\",\"potentialAction\":[{\"@type\":\"ReadAction\",\"target\":[\"https:\\\/\\\/nanexa.com\\\/sv\\\/mfn_news\\\/kallelse-till-arsstamma-i-nanexa-ab-publ-3\\\/\"]}]},{\"@type\":\"BreadcrumbList\",\"@id\":\"https:\\\/\\\/nanexa.com\\\/sv\\\/mfn_news\\\/kallelse-till-arsstamma-i-nanexa-ab-publ-3\\\/#breadcrumb\",\"itemListElement\":[{\"@type\":\"ListItem\",\"position\":1,\"name\":\"Hem\",\"item\":\"https:\\\/\\\/nanexa.com\\\/sv\\\/\"},{\"@type\":\"ListItem\",\"position\":2,\"name\":\"MFN News Items\",\"item\":\"https:\\\/\\\/nanexa.com\\\/mfn_news\\\/\"},{\"@type\":\"ListItem\",\"position\":3,\"name\":\"Kallelse till \u00e5rsst\u00e4mma i Nanexa AB (publ)\"}]},{\"@type\":\"WebSite\",\"@id\":\"https:\\\/\\\/nanexa.com\\\/#website\",\"url\":\"https:\\\/\\\/nanexa.com\\\/\",\"name\":\"Nanexa AB\",\"description\":\"\",\"publisher\":{\"@id\":\"https:\\\/\\\/nanexa.com\\\/#organization\"},\"potentialAction\":[{\"@type\":\"SearchAction\",\"target\":{\"@type\":\"EntryPoint\",\"urlTemplate\":\"https:\\\/\\\/nanexa.com\\\/?s={search_term_string}\"},\"query-input\":{\"@type\":\"PropertyValueSpecification\",\"valueRequired\":true,\"valueName\":\"search_term_string\"}}],\"inLanguage\":\"sv-SE\"},{\"@type\":\"Organization\",\"@id\":\"https:\\\/\\\/nanexa.com\\\/#organization\",\"name\":\"Nanexa AB\",\"url\":\"https:\\\/\\\/nanexa.com\\\/\",\"logo\":{\"@type\":\"ImageObject\",\"inLanguage\":\"sv-SE\",\"@id\":\"https:\\\/\\\/nanexa.com\\\/#\\\/schema\\\/logo\\\/image\\\/\",\"url\":\"https:\\\/\\\/nanexa.com\\\/wp-content\\\/uploads\\\/2015\\\/04\\\/nanexa-logo.png\",\"contentUrl\":\"https:\\\/\\\/nanexa.com\\\/wp-content\\\/uploads\\\/2015\\\/04\\\/nanexa-logo.png\",\"width\":165,\"height\":50,\"caption\":\"Nanexa AB\"},\"image\":{\"@id\":\"https:\\\/\\\/nanexa.com\\\/#\\\/schema\\\/logo\\\/image\\\/\"}}]}<\/script>\n<!-- \/ Yoast SEO plugin. -->","yoast_head_json":{"title":"Kallelse till \u00e5rsst\u00e4mma i Nanexa AB (publ) - Nanexa AB","robots":{"index":"index","follow":"follow","max-snippet":"max-snippet:-1","max-image-preview":"max-image-preview:large","max-video-preview":"max-video-preview:-1"},"canonical":"https:\/\/nanexa.com\/sv\/mfn_news\/kallelse-till-arsstamma-i-nanexa-ab-publ-3\/","og_locale":"sv_SE","og_type":"article","og_title":"Kallelse till \u00e5rsst\u00e4mma i Nanexa AB (publ) - Nanexa AB","og_description":"Aktie\u00e4garna i Nanexa AB (publ),org.nr 556833\u20130285 (\u201dBolaget\u201d) kallas h\u00e4rmed till \u00e5rsst\u00e4mma tisdagen den 12 maj 2026, kl. 15:00, p\u00e5 Uppsala Business Park, Rapsgatan 7, Uppsala.","og_url":"https:\/\/nanexa.com\/sv\/mfn_news\/kallelse-till-arsstamma-i-nanexa-ab-publ-3\/","og_site_name":"Nanexa AB","twitter_card":"summary_large_image","twitter_misc":{"Ber\u00e4knad l\u00e4stid":"8 minuter"},"schema":{"@context":"https:\/\/schema.org","@graph":[{"@type":"WebPage","@id":"https:\/\/nanexa.com\/sv\/mfn_news\/kallelse-till-arsstamma-i-nanexa-ab-publ-3\/","url":"https:\/\/nanexa.com\/sv\/mfn_news\/kallelse-till-arsstamma-i-nanexa-ab-publ-3\/","name":"Kallelse till \u00e5rsst\u00e4mma i Nanexa AB (publ) - Nanexa AB","isPartOf":{"@id":"https:\/\/nanexa.com\/#website"},"datePublished":"2026-04-08T06:01:00+00:00","breadcrumb":{"@id":"https:\/\/nanexa.com\/sv\/mfn_news\/kallelse-till-arsstamma-i-nanexa-ab-publ-3\/#breadcrumb"},"inLanguage":"sv-SE","potentialAction":[{"@type":"ReadAction","target":["https:\/\/nanexa.com\/sv\/mfn_news\/kallelse-till-arsstamma-i-nanexa-ab-publ-3\/"]}]},{"@type":"BreadcrumbList","@id":"https:\/\/nanexa.com\/sv\/mfn_news\/kallelse-till-arsstamma-i-nanexa-ab-publ-3\/#breadcrumb","itemListElement":[{"@type":"ListItem","position":1,"name":"Hem","item":"https:\/\/nanexa.com\/sv\/"},{"@type":"ListItem","position":2,"name":"MFN News Items","item":"https:\/\/nanexa.com\/mfn_news\/"},{"@type":"ListItem","position":3,"name":"Kallelse till \u00e5rsst\u00e4mma i Nanexa AB (publ)"}]},{"@type":"WebSite","@id":"https:\/\/nanexa.com\/#website","url":"https:\/\/nanexa.com\/","name":"Nanexa AB","description":"","publisher":{"@id":"https:\/\/nanexa.com\/#organization"},"potentialAction":[{"@type":"SearchAction","target":{"@type":"EntryPoint","urlTemplate":"https:\/\/nanexa.com\/?s={search_term_string}"},"query-input":{"@type":"PropertyValueSpecification","valueRequired":true,"valueName":"search_term_string"}}],"inLanguage":"sv-SE"},{"@type":"Organization","@id":"https:\/\/nanexa.com\/#organization","name":"Nanexa AB","url":"https:\/\/nanexa.com\/","logo":{"@type":"ImageObject","inLanguage":"sv-SE","@id":"https:\/\/nanexa.com\/#\/schema\/logo\/image\/","url":"https:\/\/nanexa.com\/wp-content\/uploads\/2015\/04\/nanexa-logo.png","contentUrl":"https:\/\/nanexa.com\/wp-content\/uploads\/2015\/04\/nanexa-logo.png","width":165,"height":50,"caption":"Nanexa AB"},"image":{"@id":"https:\/\/nanexa.com\/#\/schema\/logo\/image\/"}}]}},"_links":{"self":[{"href":"https:\/\/nanexa.com\/sv\/wp-json\/wp\/v2\/mfn_news\/7755","targetHints":{"allow":["GET"]}}],"collection":[{"href":"https:\/\/nanexa.com\/sv\/wp-json\/wp\/v2\/mfn_news"}],"about":[{"href":"https:\/\/nanexa.com\/sv\/wp-json\/wp\/v2\/types\/mfn_news"}],"wp:attachment":[{"href":"https:\/\/nanexa.com\/sv\/wp-json\/wp\/v2\/media?parent=7755"}],"curies":[{"name":"wp","href":"https:\/\/api.w.org\/{rel}","templated":true}]}}