{"id":1511,"date":"2018-11-08T15:52:37","date_gmt":"2018-11-08T14:52:37","guid":{"rendered":"http:\/\/www.nanexa.com\/?p=1511"},"modified":"2018-11-08T15:52:37","modified_gmt":"2018-11-08T14:52:37","slug":"nanexa-traffade-potentiella-partners-pa-bio-europe-i-kopenhamn-5-7-november","status":"publish","type":"post","link":"https:\/\/nanexa.com\/sv\/nanexa-traffade-potentiella-partners-pa-bio-europe-i-kopenhamn-5-7-november\/","title":{"rendered":"Nanexa tr\u00e4ffade potentiella partners p\u00e5 BIO EUROPE i K\u00f6penhamn 5-7 november"},"content":{"rendered":"<p>Uppsala 2018-11-08<\/p>\n<p><strong>Nanexa tr\u00e4ffade potentiella partners p\u00e5 BIO EUROPE i K\u00f6penhamn 5-7 november<\/strong><\/p>\n<p><strong>\u00a0<\/strong><\/p>\n<p>Nanexa deltog tidigare i veckan p\u00e5 den internationella och viktiga konferensen BIO EUROPE.\u00a0D\u00e4r hade vi ett flertal mycket givande m\u00f6ten med l\u00e4kemedelsf\u00f6retag som visade intresse f\u00f6r PharmaShell<sup>\u00ae<\/sup>-teknologin.<\/p>\n<p>Bland det som intresserar f\u00f6retagen mest \u00e4r v\u00e5r m\u00f6jlighet att styra fris\u00e4ttningen \u00f6ver l\u00e5ng tid och samtidigt erh\u00e5lla en kontrollerad initial fris\u00e4ttning, n\u00e5got som \u00e4r speciellt viktigt vid administrering av potenta l\u00e4kemedel. \u00c4ven v\u00e5r m\u00f6jlighet att formulera peptider v\u00e4cker stort intresse.<\/p>\n<p>&nbsp;<\/p>\n<p>&nbsp;<\/p>\n<p>F\u00f6r mer information kontakta:<\/p>\n<p>David Westberg \u2013 VD, Nanexa AB (publ)<\/p>\n<p>Telefon: 0709 &#8211; 42 83 03<\/p>\n<p>E-post:\u00a0<a href=\"mailto:david.westberg@nanexa.se\">david.westberg@nanexa.se<\/a><\/p>\n<p>www.nanexa.com<\/p>\n<p>&nbsp;<\/p>\n<p>Om Nanexa AB (publ)<\/p>\n<p>&nbsp;<\/p>\n<p>Nanexa AB \u00e4r ett nanoteknologiskt drug delivery-f\u00f6retag som fokuserar verksamheten p\u00e5 utvecklingen av PharmaShell<sup>\u00ae\u00a0<\/sup>som \u00e4r ett nytt och banbrytande drug delivery-system som bed\u00f6ms ha en stor potential inom ett flertal indikationsomr\u00e5den. Inom ramen f\u00f6r PharmaShell<sup>\u00ae\u00a0<\/sup>har Nanexa samarbetsavtal med bland andra AstraZeneca.<\/p>\n<p>&nbsp;<\/p>\n","protected":false},"excerpt":{"rendered":"<p>Uppsala 2018-11-08<\/p>\n<p>Nanexa tr\u00e4ffade potentiella partners p\u00e5 BIO EUROPE i K\u00f6penhamn 5-7 november<\/p>\n<p>\u00a0<\/p>\n<p>Nanexa deltog tidigare i veckan p\u00e5 den internationella och viktiga konferensen BIO EUROPE.\u00a0<\/p>\n<p><a class=\"read-more\" href=\"https:\/\/nanexa.com\/sv\/nanexa-traffade-potentiella-partners-pa-bio-europe-i-kopenhamn-5-7-november\/\">L\u00e4s mer<\/a><\/p>\n","protected":false},"author":2,"featured_media":0,"comment_status":"closed","ping_status":"open","sticky":false,"template":"","format":"standard","meta":{"_acf_changed":false,"footnotes":""},"categories":[7],"tags":[],"class_list":["post-1511","post","type-post","status-publish","format-standard","hentry","category-nyheter"],"acf":[],"yoast_head":"<!-- This site is optimized with the Yoast SEO plugin v27.5 - https:\/\/yoast.com\/product\/yoast-seo-wordpress\/ -->\n<title>Nanexa tr\u00e4ffade potentiella partners p\u00e5 BIO EUROPE i K\u00f6penhamn 5-7 november - Nanexa AB<\/title>\n<meta name=\"robots\" content=\"index, follow, max-snippet:-1, max-image-preview:large, max-video-preview:-1\" \/>\n<link rel=\"canonical\" href=\"https:\/\/nanexa.com\/nanexa-traffade-potentiella-partners-pa-bio-europe-i-kopenhamn-5-7-november\/\" \/>\n<meta property=\"og:locale\" content=\"sv_SE\" \/>\n<meta property=\"og:type\" content=\"article\" \/>\n<meta property=\"og:title\" content=\"Nanexa tr\u00e4ffade potentiella partners p\u00e5 BIO EUROPE i K\u00f6penhamn 5-7 november - Nanexa AB\" \/>\n<meta property=\"og:description\" content=\"Uppsala 2018-11-08 Nanexa tr\u00e4ffade potentiella partners p\u00e5 BIO EUROPE i K\u00f6penhamn 5-7 november \u00a0 Nanexa deltog tidigare i veckan p\u00e5 den internationella och viktiga konferensen BIO EUROPE.\u00a0L\u00e4s mer\" \/>\n<meta property=\"og:url\" content=\"https:\/\/nanexa.com\/nanexa-traffade-potentiella-partners-pa-bio-europe-i-kopenhamn-5-7-november\/\" \/>\n<meta property=\"og:site_name\" content=\"Nanexa AB\" \/>\n<meta property=\"article:published_time\" content=\"2018-11-08T14:52:37+00:00\" \/>\n<meta name=\"author\" content=\"Anders Johansson\" \/>\n<meta name=\"twitter:card\" content=\"summary_large_image\" \/>\n<meta name=\"twitter:label1\" content=\"Skriven av\" \/>\n\t<meta name=\"twitter:data1\" content=\"Anders Johansson\" \/>\n\t<meta name=\"twitter:label2\" content=\"Ber\u00e4knad l\u00e4stid\" \/>\n\t<meta name=\"twitter:data2\" content=\"1 minut\" \/>\n<script type=\"application\/ld+json\" class=\"yoast-schema-graph\">{\"@context\":\"https:\\\/\\\/schema.org\",\"@graph\":[{\"@type\":\"Article\",\"@id\":\"https:\\\/\\\/nanexa.com\\\/nanexa-traffade-potentiella-partners-pa-bio-europe-i-kopenhamn-5-7-november\\\/#article\",\"isPartOf\":{\"@id\":\"https:\\\/\\\/nanexa.com\\\/nanexa-traffade-potentiella-partners-pa-bio-europe-i-kopenhamn-5-7-november\\\/\"},\"author\":{\"name\":\"Anders Johansson\",\"@id\":\"https:\\\/\\\/nanexa.com\\\/#\\\/schema\\\/person\\\/d26735c022a71d41737953c23a07692a\"},\"headline\":\"Nanexa tr\u00e4ffade potentiella partners p\u00e5 BIO EUROPE i K\u00f6penhamn 5-7 november\",\"datePublished\":\"2018-11-08T14:52:37+00:00\",\"mainEntityOfPage\":{\"@id\":\"https:\\\/\\\/nanexa.com\\\/nanexa-traffade-potentiella-partners-pa-bio-europe-i-kopenhamn-5-7-november\\\/\"},\"wordCount\":193,\"publisher\":{\"@id\":\"https:\\\/\\\/nanexa.com\\\/#organization\"},\"articleSection\":[\"Nyheter\"],\"inLanguage\":\"sv-SE\"},{\"@type\":\"WebPage\",\"@id\":\"https:\\\/\\\/nanexa.com\\\/nanexa-traffade-potentiella-partners-pa-bio-europe-i-kopenhamn-5-7-november\\\/\",\"url\":\"https:\\\/\\\/nanexa.com\\\/nanexa-traffade-potentiella-partners-pa-bio-europe-i-kopenhamn-5-7-november\\\/\",\"name\":\"Nanexa tr\u00e4ffade potentiella partners p\u00e5 BIO EUROPE i K\u00f6penhamn 5-7 november - Nanexa AB\",\"isPartOf\":{\"@id\":\"https:\\\/\\\/nanexa.com\\\/#website\"},\"datePublished\":\"2018-11-08T14:52:37+00:00\",\"breadcrumb\":{\"@id\":\"https:\\\/\\\/nanexa.com\\\/nanexa-traffade-potentiella-partners-pa-bio-europe-i-kopenhamn-5-7-november\\\/#breadcrumb\"},\"inLanguage\":\"sv-SE\",\"potentialAction\":[{\"@type\":\"ReadAction\",\"target\":[\"https:\\\/\\\/nanexa.com\\\/nanexa-traffade-potentiella-partners-pa-bio-europe-i-kopenhamn-5-7-november\\\/\"]}]},{\"@type\":\"BreadcrumbList\",\"@id\":\"https:\\\/\\\/nanexa.com\\\/nanexa-traffade-potentiella-partners-pa-bio-europe-i-kopenhamn-5-7-november\\\/#breadcrumb\",\"itemListElement\":[{\"@type\":\"ListItem\",\"position\":1,\"name\":\"Hem\",\"item\":\"https:\\\/\\\/nanexa.com\\\/sv\\\/\"},{\"@type\":\"ListItem\",\"position\":2,\"name\":\"Nanexa tr\u00e4ffade potentiella partners p\u00e5 BIO EUROPE i K\u00f6penhamn 5-7 november\"}]},{\"@type\":\"WebSite\",\"@id\":\"https:\\\/\\\/nanexa.com\\\/#website\",\"url\":\"https:\\\/\\\/nanexa.com\\\/\",\"name\":\"Nanexa AB\",\"description\":\"\",\"publisher\":{\"@id\":\"https:\\\/\\\/nanexa.com\\\/#organization\"},\"potentialAction\":[{\"@type\":\"SearchAction\",\"target\":{\"@type\":\"EntryPoint\",\"urlTemplate\":\"https:\\\/\\\/nanexa.com\\\/?s={search_term_string}\"},\"query-input\":{\"@type\":\"PropertyValueSpecification\",\"valueRequired\":true,\"valueName\":\"search_term_string\"}}],\"inLanguage\":\"sv-SE\"},{\"@type\":\"Organization\",\"@id\":\"https:\\\/\\\/nanexa.com\\\/#organization\",\"name\":\"Nanexa AB\",\"url\":\"https:\\\/\\\/nanexa.com\\\/\",\"logo\":{\"@type\":\"ImageObject\",\"inLanguage\":\"sv-SE\",\"@id\":\"https:\\\/\\\/nanexa.com\\\/#\\\/schema\\\/logo\\\/image\\\/\",\"url\":\"https:\\\/\\\/nanexa.com\\\/wp-content\\\/uploads\\\/2015\\\/04\\\/nanexa-logo.png\",\"contentUrl\":\"https:\\\/\\\/nanexa.com\\\/wp-content\\\/uploads\\\/2015\\\/04\\\/nanexa-logo.png\",\"width\":165,\"height\":50,\"caption\":\"Nanexa AB\"},\"image\":{\"@id\":\"https:\\\/\\\/nanexa.com\\\/#\\\/schema\\\/logo\\\/image\\\/\"}},{\"@type\":\"Person\",\"@id\":\"https:\\\/\\\/nanexa.com\\\/#\\\/schema\\\/person\\\/d26735c022a71d41737953c23a07692a\",\"name\":\"Anders Johansson\",\"image\":{\"@type\":\"ImageObject\",\"inLanguage\":\"sv-SE\",\"@id\":\"https:\\\/\\\/secure.gravatar.com\\\/avatar\\\/1eee3bf26eba126e14bce6671b99389c3e366b0577f9fa176d41797d92204ff1?s=96&d=mm&r=g\",\"url\":\"https:\\\/\\\/secure.gravatar.com\\\/avatar\\\/1eee3bf26eba126e14bce6671b99389c3e366b0577f9fa176d41797d92204ff1?s=96&d=mm&r=g\",\"contentUrl\":\"https:\\\/\\\/secure.gravatar.com\\\/avatar\\\/1eee3bf26eba126e14bce6671b99389c3e366b0577f9fa176d41797d92204ff1?s=96&d=mm&r=g\",\"caption\":\"Anders Johansson\"},\"url\":\"https:\\\/\\\/nanexa.com\\\/sv\\\/author\\\/anders\\\/\"}]}<\/script>\n<!-- \/ Yoast SEO plugin. -->","yoast_head_json":{"title":"Nanexa tr\u00e4ffade potentiella partners p\u00e5 BIO EUROPE i K\u00f6penhamn 5-7 november - Nanexa AB","robots":{"index":"index","follow":"follow","max-snippet":"max-snippet:-1","max-image-preview":"max-image-preview:large","max-video-preview":"max-video-preview:-1"},"canonical":"https:\/\/nanexa.com\/nanexa-traffade-potentiella-partners-pa-bio-europe-i-kopenhamn-5-7-november\/","og_locale":"sv_SE","og_type":"article","og_title":"Nanexa tr\u00e4ffade potentiella partners p\u00e5 BIO EUROPE i K\u00f6penhamn 5-7 november - Nanexa AB","og_description":"Uppsala 2018-11-08 Nanexa tr\u00e4ffade potentiella partners p\u00e5 BIO EUROPE i K\u00f6penhamn 5-7 november \u00a0 Nanexa deltog tidigare i veckan p\u00e5 den internationella och viktiga konferensen BIO EUROPE.\u00a0L\u00e4s mer","og_url":"https:\/\/nanexa.com\/nanexa-traffade-potentiella-partners-pa-bio-europe-i-kopenhamn-5-7-november\/","og_site_name":"Nanexa AB","article_published_time":"2018-11-08T14:52:37+00:00","author":"Anders Johansson","twitter_card":"summary_large_image","twitter_misc":{"Skriven av":"Anders Johansson","Ber\u00e4knad l\u00e4stid":"1 minut"},"schema":{"@context":"https:\/\/schema.org","@graph":[{"@type":"Article","@id":"https:\/\/nanexa.com\/nanexa-traffade-potentiella-partners-pa-bio-europe-i-kopenhamn-5-7-november\/#article","isPartOf":{"@id":"https:\/\/nanexa.com\/nanexa-traffade-potentiella-partners-pa-bio-europe-i-kopenhamn-5-7-november\/"},"author":{"name":"Anders Johansson","@id":"https:\/\/nanexa.com\/#\/schema\/person\/d26735c022a71d41737953c23a07692a"},"headline":"Nanexa tr\u00e4ffade potentiella partners p\u00e5 BIO EUROPE i K\u00f6penhamn 5-7 november","datePublished":"2018-11-08T14:52:37+00:00","mainEntityOfPage":{"@id":"https:\/\/nanexa.com\/nanexa-traffade-potentiella-partners-pa-bio-europe-i-kopenhamn-5-7-november\/"},"wordCount":193,"publisher":{"@id":"https:\/\/nanexa.com\/#organization"},"articleSection":["Nyheter"],"inLanguage":"sv-SE"},{"@type":"WebPage","@id":"https:\/\/nanexa.com\/nanexa-traffade-potentiella-partners-pa-bio-europe-i-kopenhamn-5-7-november\/","url":"https:\/\/nanexa.com\/nanexa-traffade-potentiella-partners-pa-bio-europe-i-kopenhamn-5-7-november\/","name":"Nanexa tr\u00e4ffade potentiella partners p\u00e5 BIO EUROPE i K\u00f6penhamn 5-7 november - Nanexa AB","isPartOf":{"@id":"https:\/\/nanexa.com\/#website"},"datePublished":"2018-11-08T14:52:37+00:00","breadcrumb":{"@id":"https:\/\/nanexa.com\/nanexa-traffade-potentiella-partners-pa-bio-europe-i-kopenhamn-5-7-november\/#breadcrumb"},"inLanguage":"sv-SE","potentialAction":[{"@type":"ReadAction","target":["https:\/\/nanexa.com\/nanexa-traffade-potentiella-partners-pa-bio-europe-i-kopenhamn-5-7-november\/"]}]},{"@type":"BreadcrumbList","@id":"https:\/\/nanexa.com\/nanexa-traffade-potentiella-partners-pa-bio-europe-i-kopenhamn-5-7-november\/#breadcrumb","itemListElement":[{"@type":"ListItem","position":1,"name":"Hem","item":"https:\/\/nanexa.com\/sv\/"},{"@type":"ListItem","position":2,"name":"Nanexa tr\u00e4ffade potentiella partners p\u00e5 BIO EUROPE i K\u00f6penhamn 5-7 november"}]},{"@type":"WebSite","@id":"https:\/\/nanexa.com\/#website","url":"https:\/\/nanexa.com\/","name":"Nanexa AB","description":"","publisher":{"@id":"https:\/\/nanexa.com\/#organization"},"potentialAction":[{"@type":"SearchAction","target":{"@type":"EntryPoint","urlTemplate":"https:\/\/nanexa.com\/?s={search_term_string}"},"query-input":{"@type":"PropertyValueSpecification","valueRequired":true,"valueName":"search_term_string"}}],"inLanguage":"sv-SE"},{"@type":"Organization","@id":"https:\/\/nanexa.com\/#organization","name":"Nanexa AB","url":"https:\/\/nanexa.com\/","logo":{"@type":"ImageObject","inLanguage":"sv-SE","@id":"https:\/\/nanexa.com\/#\/schema\/logo\/image\/","url":"https:\/\/nanexa.com\/wp-content\/uploads\/2015\/04\/nanexa-logo.png","contentUrl":"https:\/\/nanexa.com\/wp-content\/uploads\/2015\/04\/nanexa-logo.png","width":165,"height":50,"caption":"Nanexa AB"},"image":{"@id":"https:\/\/nanexa.com\/#\/schema\/logo\/image\/"}},{"@type":"Person","@id":"https:\/\/nanexa.com\/#\/schema\/person\/d26735c022a71d41737953c23a07692a","name":"Anders Johansson","image":{"@type":"ImageObject","inLanguage":"sv-SE","@id":"https:\/\/secure.gravatar.com\/avatar\/1eee3bf26eba126e14bce6671b99389c3e366b0577f9fa176d41797d92204ff1?s=96&d=mm&r=g","url":"https:\/\/secure.gravatar.com\/avatar\/1eee3bf26eba126e14bce6671b99389c3e366b0577f9fa176d41797d92204ff1?s=96&d=mm&r=g","contentUrl":"https:\/\/secure.gravatar.com\/avatar\/1eee3bf26eba126e14bce6671b99389c3e366b0577f9fa176d41797d92204ff1?s=96&d=mm&r=g","caption":"Anders Johansson"},"url":"https:\/\/nanexa.com\/sv\/author\/anders\/"}]}},"_links":{"self":[{"href":"https:\/\/nanexa.com\/sv\/wp-json\/wp\/v2\/posts\/1511","targetHints":{"allow":["GET"]}}],"collection":[{"href":"https:\/\/nanexa.com\/sv\/wp-json\/wp\/v2\/posts"}],"about":[{"href":"https:\/\/nanexa.com\/sv\/wp-json\/wp\/v2\/types\/post"}],"author":[{"embeddable":true,"href":"https:\/\/nanexa.com\/sv\/wp-json\/wp\/v2\/users\/2"}],"replies":[{"embeddable":true,"href":"https:\/\/nanexa.com\/sv\/wp-json\/wp\/v2\/comments?post=1511"}],"version-history":[{"count":3,"href":"https:\/\/nanexa.com\/sv\/wp-json\/wp\/v2\/posts\/1511\/revisions"}],"predecessor-version":[{"id":1514,"href":"https:\/\/nanexa.com\/sv\/wp-json\/wp\/v2\/posts\/1511\/revisions\/1514"}],"wp:attachment":[{"href":"https:\/\/nanexa.com\/sv\/wp-json\/wp\/v2\/media?parent=1511"}],"wp:term":[{"taxonomy":"category","embeddable":true,"href":"https:\/\/nanexa.com\/sv\/wp-json\/wp\/v2\/categories?post=1511"},{"taxonomy":"post_tag","embeddable":true,"href":"https:\/\/nanexa.com\/sv\/wp-json\/wp\/v2\/tags?post=1511"}],"curies":[{"name":"wp","href":"https:\/\/api.w.org\/{rel}","templated":true}]}}