{"id":2044,"date":"2020-04-22T08:40:10","date_gmt":"2020-04-22T06:40:10","guid":{"rendered":"https:\/\/www.nanexa.com\/?p=2044"},"modified":"2020-05-09T18:38:00","modified_gmt":"2020-05-09T16:38:00","slug":"2044","status":"publish","type":"post","link":"https:\/\/nanexa.com\/sv\/2044\/","title":{"rendered":"G\u00f6ran Ando f\u00f6reslagen som ny styrelseordf\u00f6rande i Nanexa AB (publ)\u00a0"},"content":{"rendered":"<p><strong>Pressmeddelande <\/strong><\/p>\n<p>Uppsala 2020-04-22<\/p>\n<p><strong>G\u00f6ran Ando f\u00f6reslagen som ny styrelseordf\u00f6rande i Nanexa AB (publ)<\/strong><strong>\u00a0<\/strong><\/p>\n<p>En grupp aktie\u00e4gare i Nanexa AB, som tillsammans representerar minst 11 procent av aktierna och r\u00f6sterna i bolaget, har informerat styrelse och VD att de vid \u00e5rsst\u00e4mman den 2 juni 2020 kommer att f\u00f6resl\u00e5 G\u00f6ran Ando som ny styrelseordf\u00f6rande i bolaget. G\u00f6ran Ando har tackat ja till erbjudandet under f\u00f6ruts\u00e4ttning att bolagst\u00e4mman v\u00e4ljer honom.<\/p>\n<p>Dr. Ando b\u00f6rjade sin karri\u00e4r inom l\u00e4kemedelsindustrin 1978 som medicinsk chef f\u00f6r Pfizer AB, fortsatte till chef f\u00f6r klinisk forskning med Pfizer International i USA. Dr. Ando blev sedan \u2019VP, Medical and Scientific Affairs\u2019 vid Bristol-Myers och \u00e5terv\u00e4nde till Sverige som ordf\u00f6rande f\u00f6r Astra Research Center. Mellan 1989 och 1995 hade han ett antal ledande befattningar vid Glaxo, inklusive forsknings- och utvecklingschef f\u00f6r Glaxo Group Research.<\/p>\n<p>Dr. Ando gick 1995 in i Pharmacia AB som \u2019Executive Vice President\u2019 och \u2019Deputy CEO\u2019 och flyttade till USA 1997 f\u00f6r att leda forskning och utveckling med ytterligare ansvar f\u00f6r tillverkning, informationsteknologi, aff\u00e4rsutveckling samt fusioner och f\u00f6rv\u00e4rv. Under hans \u00e5tta\u00e5riga tj\u00e4nstg\u00f6ring som chef f\u00f6r forskning och utveckling vid Pharmacia \/ Pharmacia &amp; Upjohn godk\u00e4ndes 17 nya l\u00e4kemedel av U.S. Food &amp; Drug Administration (FDA) f\u00f6re Pfizers f\u00f6rv\u00e4rv av Pharmacia.<\/p>\n<p>Dr. Ando utn\u00e4mndes sedan till CEO f\u00f6r Celltech Group PLC i Storbritannien, ett av de mest framg\u00e5ngsrika europeiska bioteknikf\u00f6retagen, tills det f\u00f6rv\u00e4rvades av UCB Pharma 2005.<\/p>\n<p>G\u00f6ran Ando var styrelseordf\u00f6rande i Novo Nordisk A\/S och avgick fr\u00e5n den posten 2018.<\/p>\n<p>Dr. Ando fick sin kandidatexamen fr\u00e5n Uppsala universitet i Sverige och sin L\u00e4karexamen fr\u00e5n Link\u00f6pings universitet i Sverige.<\/p>\n<p><em>Vi i \u00e4gargruppen \u00e4r oerh\u00f6rt glada att G\u00f6ran Ando, med sin mycket gedigna kompetens och breda erfarenhet, har accepterat att \u00e5ta sig det betydelsefulla uppdraget som styrelseordf\u00f6rande i Nanexa. Vi \u00e4r s\u00e4kra p\u00e5 att han kommer att kunna tillf\u00f6ra bolaget oerh\u00f6rt mycket, s\u00e4ger Anders Johansson, medgrundare och del av aktie\u00e4gargruppen.<\/em><\/p>\n<p><em>Nanexas VD David Westberg menar att det ska bli oerh\u00f6rt intressant att arbeta med G\u00f6ran Ando och att det kan bli mycket bra f\u00f6r utvecklingen av bolaget, inte minst i kontakter med de globala l\u00e4kemedelsf\u00f6retagen.<\/em><\/p>\n<p>&nbsp;<\/p>\n<p>F\u00f6r mer information kontakta:<\/p>\n<p>David Westberg \u2013 VD, Nanexa AB (publ)<\/p>\n<p>Telefon: 0709 -42 83 03<\/p>\n<p>E-post:\u00a0<a href=\"mailto:david.westberg@nanexa.se\">david.westberg@nanexa.se<\/a><\/p>\n<p>www.nanexa.com<\/p>\n<p>&nbsp;<\/p>\n<p>Om Nanexa AB (publ)<\/p>\n<p>&nbsp;<\/p>\n<p>Nanexa AB \u00e4r ett nanoteknologiskt drug delivery-f\u00f6retag som fokuserar p\u00e5 utvecklingen av PharmaShell\u00ae som \u00e4r ett nytt och banbrytande drug delivery-system som bed\u00f6ms ha en stor potential inom ett flertal substanstyper och indikationsomr\u00e5den. Inom ramen f\u00f6r PharmaShell\u00ae utvecklar Nanexa egna projekt och har samarbetsavtal med flera l\u00e4kemedelsbolag, d\u00e4ribland AstraZeneca.<\/p>\n<p>&nbsp;<\/p>\n","protected":false},"excerpt":{"rendered":"<p>Pressmeddelande <\/p>\n<p>Uppsala 2020-04-22<\/p>\n<p>G\u00f6ran Ando f\u00f6reslagen som ny styrelseordf\u00f6rande i Nanexa AB (publ)\u00a0<\/p>\n<p>En grupp aktie\u00e4gare i Nanexa AB, som tillsammans representerar minst 11 procent av aktierna och r\u00f6sterna i bolaget,<\/p>\n<p><a class=\"read-more\" href=\"https:\/\/nanexa.com\/sv\/2044\/\">L\u00e4s mer<\/a><\/p>\n","protected":false},"author":2,"featured_media":0,"comment_status":"closed","ping_status":"open","sticky":false,"template":"","format":"standard","meta":{"_acf_changed":false,"footnotes":""},"categories":[13],"tags":[],"class_list":["post-2044","post","type-post","status-publish","format-standard","hentry","category-pressmeddelanden"],"acf":[],"yoast_head":"<!-- This site is optimized with the Yoast SEO plugin v27.4 - https:\/\/yoast.com\/product\/yoast-seo-wordpress\/ -->\n<title>G\u00f6ran Ando f\u00f6reslagen som ny styrelseordf\u00f6rande i Nanexa AB (publ)\u00a0 - Nanexa AB<\/title>\n<meta name=\"robots\" content=\"index, follow, max-snippet:-1, max-image-preview:large, max-video-preview:-1\" \/>\n<link rel=\"canonical\" href=\"https:\/\/nanexa.com\/2044\/\" \/>\n<meta property=\"og:locale\" content=\"sv_SE\" \/>\n<meta property=\"og:type\" content=\"article\" \/>\n<meta property=\"og:title\" content=\"G\u00f6ran Ando f\u00f6reslagen som ny styrelseordf\u00f6rande i Nanexa AB (publ)\u00a0 - Nanexa AB\" \/>\n<meta property=\"og:description\" content=\"Pressmeddelande Uppsala 2020-04-22 G\u00f6ran Ando f\u00f6reslagen som ny styrelseordf\u00f6rande i Nanexa AB (publ)\u00a0 En grupp aktie\u00e4gare i Nanexa AB, som tillsammans representerar minst 11 procent av aktierna och r\u00f6sterna i bolaget,L\u00e4s mer\" \/>\n<meta property=\"og:url\" content=\"https:\/\/nanexa.com\/2044\/\" \/>\n<meta property=\"og:site_name\" content=\"Nanexa AB\" \/>\n<meta property=\"article:published_time\" content=\"2020-04-22T06:40:10+00:00\" \/>\n<meta property=\"article:modified_time\" content=\"2020-05-09T16:38:00+00:00\" \/>\n<meta name=\"author\" content=\"Anders Johansson\" \/>\n<meta name=\"twitter:card\" content=\"summary_large_image\" \/>\n<meta name=\"twitter:label1\" content=\"Skriven av\" \/>\n\t<meta name=\"twitter:data1\" content=\"Anders Johansson\" \/>\n\t<meta name=\"twitter:label2\" content=\"Ber\u00e4knad l\u00e4stid\" \/>\n\t<meta name=\"twitter:data2\" content=\"2 minuter\" \/>\n<script type=\"application\/ld+json\" class=\"yoast-schema-graph\">{\"@context\":\"https:\\\/\\\/schema.org\",\"@graph\":[{\"@type\":\"Article\",\"@id\":\"https:\\\/\\\/nanexa.com\\\/2044\\\/#article\",\"isPartOf\":{\"@id\":\"https:\\\/\\\/nanexa.com\\\/2044\\\/\"},\"author\":{\"name\":\"Anders Johansson\",\"@id\":\"https:\\\/\\\/nanexa.com\\\/#\\\/schema\\\/person\\\/d26735c022a71d41737953c23a07692a\"},\"headline\":\"G\u00f6ran Ando f\u00f6reslagen som ny styrelseordf\u00f6rande i Nanexa AB (publ)\u00a0\",\"datePublished\":\"2020-04-22T06:40:10+00:00\",\"dateModified\":\"2020-05-09T16:38:00+00:00\",\"mainEntityOfPage\":{\"@id\":\"https:\\\/\\\/nanexa.com\\\/2044\\\/\"},\"wordCount\":496,\"publisher\":{\"@id\":\"https:\\\/\\\/nanexa.com\\\/#organization\"},\"articleSection\":[\"Pressmeddelanden\"],\"inLanguage\":\"sv-SE\"},{\"@type\":\"WebPage\",\"@id\":\"https:\\\/\\\/nanexa.com\\\/2044\\\/\",\"url\":\"https:\\\/\\\/nanexa.com\\\/2044\\\/\",\"name\":\"G\u00f6ran Ando f\u00f6reslagen som ny styrelseordf\u00f6rande i Nanexa AB (publ)\u00a0 - Nanexa AB\",\"isPartOf\":{\"@id\":\"https:\\\/\\\/nanexa.com\\\/#website\"},\"datePublished\":\"2020-04-22T06:40:10+00:00\",\"dateModified\":\"2020-05-09T16:38:00+00:00\",\"breadcrumb\":{\"@id\":\"https:\\\/\\\/nanexa.com\\\/2044\\\/#breadcrumb\"},\"inLanguage\":\"sv-SE\",\"potentialAction\":[{\"@type\":\"ReadAction\",\"target\":[\"https:\\\/\\\/nanexa.com\\\/2044\\\/\"]}]},{\"@type\":\"BreadcrumbList\",\"@id\":\"https:\\\/\\\/nanexa.com\\\/2044\\\/#breadcrumb\",\"itemListElement\":[{\"@type\":\"ListItem\",\"position\":1,\"name\":\"Hem\",\"item\":\"https:\\\/\\\/nanexa.com\\\/sv\\\/\"},{\"@type\":\"ListItem\",\"position\":2,\"name\":\"G\u00f6ran Ando f\u00f6reslagen som ny styrelseordf\u00f6rande i Nanexa AB (publ)\u00a0\"}]},{\"@type\":\"WebSite\",\"@id\":\"https:\\\/\\\/nanexa.com\\\/#website\",\"url\":\"https:\\\/\\\/nanexa.com\\\/\",\"name\":\"Nanexa AB\",\"description\":\"\",\"publisher\":{\"@id\":\"https:\\\/\\\/nanexa.com\\\/#organization\"},\"potentialAction\":[{\"@type\":\"SearchAction\",\"target\":{\"@type\":\"EntryPoint\",\"urlTemplate\":\"https:\\\/\\\/nanexa.com\\\/?s={search_term_string}\"},\"query-input\":{\"@type\":\"PropertyValueSpecification\",\"valueRequired\":true,\"valueName\":\"search_term_string\"}}],\"inLanguage\":\"sv-SE\"},{\"@type\":\"Organization\",\"@id\":\"https:\\\/\\\/nanexa.com\\\/#organization\",\"name\":\"Nanexa AB\",\"url\":\"https:\\\/\\\/nanexa.com\\\/\",\"logo\":{\"@type\":\"ImageObject\",\"inLanguage\":\"sv-SE\",\"@id\":\"https:\\\/\\\/nanexa.com\\\/#\\\/schema\\\/logo\\\/image\\\/\",\"url\":\"https:\\\/\\\/nanexa.com\\\/wp-content\\\/uploads\\\/2015\\\/04\\\/nanexa-logo.png\",\"contentUrl\":\"https:\\\/\\\/nanexa.com\\\/wp-content\\\/uploads\\\/2015\\\/04\\\/nanexa-logo.png\",\"width\":165,\"height\":50,\"caption\":\"Nanexa AB\"},\"image\":{\"@id\":\"https:\\\/\\\/nanexa.com\\\/#\\\/schema\\\/logo\\\/image\\\/\"}},{\"@type\":\"Person\",\"@id\":\"https:\\\/\\\/nanexa.com\\\/#\\\/schema\\\/person\\\/d26735c022a71d41737953c23a07692a\",\"name\":\"Anders Johansson\",\"image\":{\"@type\":\"ImageObject\",\"inLanguage\":\"sv-SE\",\"@id\":\"https:\\\/\\\/secure.gravatar.com\\\/avatar\\\/1eee3bf26eba126e14bce6671b99389c3e366b0577f9fa176d41797d92204ff1?s=96&d=mm&r=g\",\"url\":\"https:\\\/\\\/secure.gravatar.com\\\/avatar\\\/1eee3bf26eba126e14bce6671b99389c3e366b0577f9fa176d41797d92204ff1?s=96&d=mm&r=g\",\"contentUrl\":\"https:\\\/\\\/secure.gravatar.com\\\/avatar\\\/1eee3bf26eba126e14bce6671b99389c3e366b0577f9fa176d41797d92204ff1?s=96&d=mm&r=g\",\"caption\":\"Anders Johansson\"},\"url\":\"https:\\\/\\\/nanexa.com\\\/sv\\\/author\\\/anders\\\/\"}]}<\/script>\n<!-- \/ Yoast SEO plugin. -->","yoast_head_json":{"title":"G\u00f6ran Ando f\u00f6reslagen som ny styrelseordf\u00f6rande i Nanexa AB (publ)\u00a0 - Nanexa AB","robots":{"index":"index","follow":"follow","max-snippet":"max-snippet:-1","max-image-preview":"max-image-preview:large","max-video-preview":"max-video-preview:-1"},"canonical":"https:\/\/nanexa.com\/2044\/","og_locale":"sv_SE","og_type":"article","og_title":"G\u00f6ran Ando f\u00f6reslagen som ny styrelseordf\u00f6rande i Nanexa AB (publ)\u00a0 - Nanexa AB","og_description":"Pressmeddelande Uppsala 2020-04-22 G\u00f6ran Ando f\u00f6reslagen som ny styrelseordf\u00f6rande i Nanexa AB (publ)\u00a0 En grupp aktie\u00e4gare i Nanexa AB, som tillsammans representerar minst 11 procent av aktierna och r\u00f6sterna i bolaget,L\u00e4s mer","og_url":"https:\/\/nanexa.com\/2044\/","og_site_name":"Nanexa AB","article_published_time":"2020-04-22T06:40:10+00:00","article_modified_time":"2020-05-09T16:38:00+00:00","author":"Anders Johansson","twitter_card":"summary_large_image","twitter_misc":{"Skriven av":"Anders Johansson","Ber\u00e4knad l\u00e4stid":"2 minuter"},"schema":{"@context":"https:\/\/schema.org","@graph":[{"@type":"Article","@id":"https:\/\/nanexa.com\/2044\/#article","isPartOf":{"@id":"https:\/\/nanexa.com\/2044\/"},"author":{"name":"Anders Johansson","@id":"https:\/\/nanexa.com\/#\/schema\/person\/d26735c022a71d41737953c23a07692a"},"headline":"G\u00f6ran Ando f\u00f6reslagen som ny styrelseordf\u00f6rande i Nanexa AB (publ)\u00a0","datePublished":"2020-04-22T06:40:10+00:00","dateModified":"2020-05-09T16:38:00+00:00","mainEntityOfPage":{"@id":"https:\/\/nanexa.com\/2044\/"},"wordCount":496,"publisher":{"@id":"https:\/\/nanexa.com\/#organization"},"articleSection":["Pressmeddelanden"],"inLanguage":"sv-SE"},{"@type":"WebPage","@id":"https:\/\/nanexa.com\/2044\/","url":"https:\/\/nanexa.com\/2044\/","name":"G\u00f6ran Ando f\u00f6reslagen som ny styrelseordf\u00f6rande i Nanexa AB (publ)\u00a0 - Nanexa AB","isPartOf":{"@id":"https:\/\/nanexa.com\/#website"},"datePublished":"2020-04-22T06:40:10+00:00","dateModified":"2020-05-09T16:38:00+00:00","breadcrumb":{"@id":"https:\/\/nanexa.com\/2044\/#breadcrumb"},"inLanguage":"sv-SE","potentialAction":[{"@type":"ReadAction","target":["https:\/\/nanexa.com\/2044\/"]}]},{"@type":"BreadcrumbList","@id":"https:\/\/nanexa.com\/2044\/#breadcrumb","itemListElement":[{"@type":"ListItem","position":1,"name":"Hem","item":"https:\/\/nanexa.com\/sv\/"},{"@type":"ListItem","position":2,"name":"G\u00f6ran Ando f\u00f6reslagen som ny styrelseordf\u00f6rande i Nanexa AB (publ)\u00a0"}]},{"@type":"WebSite","@id":"https:\/\/nanexa.com\/#website","url":"https:\/\/nanexa.com\/","name":"Nanexa AB","description":"","publisher":{"@id":"https:\/\/nanexa.com\/#organization"},"potentialAction":[{"@type":"SearchAction","target":{"@type":"EntryPoint","urlTemplate":"https:\/\/nanexa.com\/?s={search_term_string}"},"query-input":{"@type":"PropertyValueSpecification","valueRequired":true,"valueName":"search_term_string"}}],"inLanguage":"sv-SE"},{"@type":"Organization","@id":"https:\/\/nanexa.com\/#organization","name":"Nanexa AB","url":"https:\/\/nanexa.com\/","logo":{"@type":"ImageObject","inLanguage":"sv-SE","@id":"https:\/\/nanexa.com\/#\/schema\/logo\/image\/","url":"https:\/\/nanexa.com\/wp-content\/uploads\/2015\/04\/nanexa-logo.png","contentUrl":"https:\/\/nanexa.com\/wp-content\/uploads\/2015\/04\/nanexa-logo.png","width":165,"height":50,"caption":"Nanexa AB"},"image":{"@id":"https:\/\/nanexa.com\/#\/schema\/logo\/image\/"}},{"@type":"Person","@id":"https:\/\/nanexa.com\/#\/schema\/person\/d26735c022a71d41737953c23a07692a","name":"Anders Johansson","image":{"@type":"ImageObject","inLanguage":"sv-SE","@id":"https:\/\/secure.gravatar.com\/avatar\/1eee3bf26eba126e14bce6671b99389c3e366b0577f9fa176d41797d92204ff1?s=96&d=mm&r=g","url":"https:\/\/secure.gravatar.com\/avatar\/1eee3bf26eba126e14bce6671b99389c3e366b0577f9fa176d41797d92204ff1?s=96&d=mm&r=g","contentUrl":"https:\/\/secure.gravatar.com\/avatar\/1eee3bf26eba126e14bce6671b99389c3e366b0577f9fa176d41797d92204ff1?s=96&d=mm&r=g","caption":"Anders Johansson"},"url":"https:\/\/nanexa.com\/sv\/author\/anders\/"}]}},"_links":{"self":[{"href":"https:\/\/nanexa.com\/sv\/wp-json\/wp\/v2\/posts\/2044","targetHints":{"allow":["GET"]}}],"collection":[{"href":"https:\/\/nanexa.com\/sv\/wp-json\/wp\/v2\/posts"}],"about":[{"href":"https:\/\/nanexa.com\/sv\/wp-json\/wp\/v2\/types\/post"}],"author":[{"embeddable":true,"href":"https:\/\/nanexa.com\/sv\/wp-json\/wp\/v2\/users\/2"}],"replies":[{"embeddable":true,"href":"https:\/\/nanexa.com\/sv\/wp-json\/wp\/v2\/comments?post=2044"}],"version-history":[{"count":3,"href":"https:\/\/nanexa.com\/sv\/wp-json\/wp\/v2\/posts\/2044\/revisions"}],"predecessor-version":[{"id":2171,"href":"https:\/\/nanexa.com\/sv\/wp-json\/wp\/v2\/posts\/2044\/revisions\/2171"}],"wp:attachment":[{"href":"https:\/\/nanexa.com\/sv\/wp-json\/wp\/v2\/media?parent=2044"}],"wp:term":[{"taxonomy":"category","embeddable":true,"href":"https:\/\/nanexa.com\/sv\/wp-json\/wp\/v2\/categories?post=2044"},{"taxonomy":"post_tag","embeddable":true,"href":"https:\/\/nanexa.com\/sv\/wp-json\/wp\/v2\/tags?post=2044"}],"curies":[{"name":"wp","href":"https:\/\/api.w.org\/{rel}","templated":true}]}}