{"id":2056,"date":"2020-05-04T12:25:08","date_gmt":"2020-05-04T10:25:08","guid":{"rendered":"https:\/\/www.nanexa.com\/?p=2056"},"modified":"2020-05-09T18:28:54","modified_gmt":"2020-05-09T16:28:54","slug":"kallelse-till-arsstamma-i-nanexa-ab-publ","status":"publish","type":"post","link":"https:\/\/nanexa.com\/sv\/kallelse-till-arsstamma-i-nanexa-ab-publ\/","title":{"rendered":"Kallelse till \u00e5rsst\u00e4mma i Nanexa AB (publ)"},"content":{"rendered":"<p><strong>KALLELSE TILL \u00c5RSST\u00c4MMA I NANEXA AB (PUBL)<\/strong><\/p>\n<p>Aktie\u00e4garna i Nanexa AB (publ), 556833-0285 (\u201dBolaget\u201d), kallas h\u00e4rmed till \u00e5rsst\u00e4mma tisdagen den 2 juni 2020, klockan 17.00 p\u00e5 Uppsala Business Park, Rapsgatan 7, Uppsala.<\/p>\n<p><strong>A. R\u00e4tt att delta p\u00e5 \u00e5rsst\u00e4mman<\/strong><\/p>\n<p>Aktie\u00e4gare som \u00f6nskar delta vid st\u00e4mman ska dels vara inf\u00f6rd i den av Euroclear Sweden AB f\u00f6rda aktieboken onsdagen den 27 maj 2020, dels anm\u00e4la sin avsikt att delta i bolagsst\u00e4mman senast torsdagen den 28 maj 2020 under adress: Nanexa AB, Virdings All\u00e9 32 B, 754 50 Uppsala, via e-post till info@nanexa.se eller per telefon 018-100\u00a0300.<\/p>\n<p>Aktie\u00e4gare som har sina aktier f\u00f6rvaltarregistrerade genom banks notariatavdelning eller annan f\u00f6rvaltare m\u00e5ste, f\u00f6r att \u00e4ga r\u00e4tt att delta vid st\u00e4mman, tillf\u00e4lligt inregistrera aktierna i eget namn hos Euroclear Sweden AB. S\u00e5dan registrering m\u00e5ste vara genomf\u00f6rd den 27 maj 2020 och f\u00f6rvaltaren b\u00f6r s\u00e5ledes underr\u00e4ttas i god tid f\u00f6re n\u00e4mnda datum.<\/p>\n<p>Vid anm\u00e4lan ska aktie\u00e4garen uppge namn, person- eller organisationsnummer, adress, telefonnummer, e-postadress, eventuella bitr\u00e4den samt uppgifter om aktieinnehav.<\/p>\n<p>Aktie\u00e4gare som f\u00f6retr\u00e4ds genom ombud ska utf\u00e4rda skriftlig och daterad fullmakt f\u00f6r ombudet. <a href=\"https:\/\/www.nanexa.com\/wp-content\/uploads\/2020\/05\/Fullmaktsformul\u00e4r-Nanexa-2020.docx\">Fullmaktsformul\u00e4r h\u00e5lls tillg\u00e4ngligt p\u00e5 Bolagets hemsida www.nanexa.com<\/a>. Fullmakten f\u00e5r inte vara utf\u00e4rdad tidigare \u00e4n fem \u00e5r f\u00f6re dagen f\u00f6r st\u00e4mman. Om fullmakt utf\u00e4rdas av juridisk person ska bestyrkt kopia av registreringsbevis eller motsvarande f\u00f6r den juridiska personen bifogas.<\/p>\n<p><strong>B. \u00c4renden p\u00e5 st\u00e4mman<\/strong><\/p>\n<ol>\n<li>\u00d6ppnande av st\u00e4mman<\/li>\n<li>Val av ordf\u00f6rande vid st\u00e4mman<\/li>\n<li>Uppr\u00e4ttande och godk\u00e4nnande av r\u00f6stl\u00e4ngd<\/li>\n<li>Val av en eller tv\u00e5 justeringsm\u00e4n<\/li>\n<li>Pr\u00f6vning av om st\u00e4mman blivit beh\u00f6rigen sammankallad<\/li>\n<li>Godk\u00e4nnande av dagordningen<\/li>\n<li>Framl\u00e4ggande av \u00e5rsredovisningen och revisionsber\u00e4ttelsen<\/li>\n<li>Beslut om<br \/>\na. fastst\u00e4llelse av resultatr\u00e4kningen och balansr\u00e4kningen<br \/>\nb. dispositioner betr\u00e4ffande Bolagets vinst eller f\u00f6rlust enligt den fastst\u00e4llda balansr\u00e4kningen<br \/>\nc. ansvarsfrihet f\u00f6r styrelseledam\u00f6terna och den verkst\u00e4llande direkt\u00f6ren<\/li>\n<li>Fastst\u00e4llande av arvoden till styrelsen och revisorn<\/li>\n<li>Val av styrelse och revisor<\/li>\n<li>Inr\u00e4ttande av valberedning samt fastst\u00e4llande av valberedningsinstruktion<\/li>\n<li>Beslut om bemyndigande avseende f\u00f6retr\u00e4desemission<\/li>\n<li>Beslut om bemyndigande avseende riktad emission<\/li>\n<li>Beslut om optionsprogram f\u00f6r ledning och \u00f6vriga anst\u00e4llda<\/li>\n<li>Beslut om optionsprogram f\u00f6r styrelsen<\/li>\n<li>Avslutande av bolagsst\u00e4mman<\/li>\n<\/ol>\n<p><strong>\u00a0<\/strong><\/p>\n<h1>F\u00f6rslag till beslut<\/h1>\n<p><strong>\u00a0<\/strong><\/p>\n<p><strong>Punkt 9 &#8211; Fastst\u00e4llande av arvoden till styrelsen och revisorn<br \/>\n<\/strong>En grupp aktie\u00e4gare som tillsammans representerar minst elva procent av aktierna och r\u00f6sterna i Bolaget (\u201dAktie\u00e4gargruppen\u201d) f\u00f6resl\u00e5r att arvode ska utg\u00e5 till styrelsens ordf\u00f6rande med 180\u00a0000 kronor och till \u00f6vriga ledam\u00f6ter, som inte \u00e4r anst\u00e4llda i Bolaget, med 90 000 kronor. Bolagets revisor f\u00f6resl\u00e5s arvoderas enligt godk\u00e4nd r\u00e4kning.<\/p>\n<p>&nbsp;<\/p>\n<p><strong>Punkt 10 &#8211; Val av styrelse och revisor<\/strong><\/p>\n<p>Aktie\u00e4gargruppen f\u00f6resl\u00e5r att styrelsen skall best\u00e5 av sex ledam\u00f6ter och inga suppleanter.<\/p>\n<p>&nbsp;<\/p>\n<p>Aktie\u00e4gargruppen f\u00f6resl\u00e5r omval av Bengt Gustavsson, Urban Paulsson, Otto Skolling och Magnus Westgren samt nyval av G\u00f6ran Ando och M\u00e5rten Rooth. G\u00f6ran Ando f\u00f6resl\u00e5s att nyv\u00e4ljas som styrelseordf\u00f6rande. Hans Arwidsson och Anders Johansson har avb\u00f6jt omval.<\/p>\n<p>&nbsp;<\/p>\n<p>G\u00f6ran Ando b\u00f6rjade sin karri\u00e4r inom l\u00e4kemedelsindustrin 1978 som medicinsk chef f\u00f6r Pfizer AB och innehade d\u00e4refter ledande befattningar inom Pfizer International, Bristol-Myers, Astra och Glaxo. Dr. Ando gick 1995 in i Pharmacia AB som \u2019Executive Vice President\u2019 och \u2019Deputy CEO\u2019 och flyttade till USA 1997 f\u00f6r att leda forskning och utveckling med ytterligare ansvar f\u00f6r tillverkning, informationsteknologi, aff\u00e4rsutveckling samt fusioner och f\u00f6rv\u00e4rv. G\u00f6ran Ando utn\u00e4mndes sedan till CEO f\u00f6r Celltech Group PLC i Storbritannien, ett av de mest framg\u00e5ngsrika europeiska bioteknikf\u00f6retagen, tills det f\u00f6rv\u00e4rvades av UCB Pharma 2005. G\u00f6ran Ando var styrelseordf\u00f6rande i Novo Nordisk A\/S och avgick fr\u00e5n den posten 2018. Dr. Ando fick sin kandidatexamen fr\u00e5n Uppsala universitet och sin l\u00e4karexamen fr\u00e5n Link\u00f6pings universitet.<\/p>\n<p>&nbsp;<\/p>\n<p>M\u00e5rten Rooth \u00e4r anst\u00e4lld i Bolaget sedan 2007 och har f\u00f6r n\u00e4rvarande rollen som Head of ALD R&amp;D and Technical Operations. M\u00e5rten Rooth har en doktorsexamen i materialkemi fr\u00e5n Uppsala universitet och \u00e4r medgrundare till Nanexa. Han har m\u00e5ng\u00e5rig erfarenhet av Atomic Layer Deposition (ALD), med ett flertal publicerade vetenskapliga artiklar p\u00e5 omr\u00e5det.<\/p>\n<p>&nbsp;<\/p>\n<p>\u00d6hrlings PricewaterhouseCoopers AB f\u00f6resl\u00e5s av Aktie\u00e4gargruppen att omv\u00e4ljas till Bolagets revisor. Auktoriserade revisorn Lars Kylberg kommer i s\u00e5 fall att fors\u00e4tta som huvudansvarig revisor.<\/p>\n<p>&nbsp;<\/p>\n<p><strong>Punkt 11 &#8211; Inr\u00e4ttande av valberedning samt fastst\u00e4llande av valberedningsinstruktion<\/strong><\/p>\n<p>Styrelsen f\u00f6resl\u00e5r att \u00e5rsst\u00e4mman beslutar att inr\u00e4tta en valberedning inf\u00f6r \u00e5rsst\u00e4mman 2021 som utses enligt f\u00f6ljande principer.<\/p>\n<p>&nbsp;<\/p>\n<p>St\u00e4mman uppdrar \u00e5t styrelsens ordf\u00f6rande att ta kontakt med de tre r\u00f6stm\u00e4ssigt st\u00f6rsta aktie\u00e4garna enligt Euroclear Sweden AB:s utskrift av aktieboken per den 30 september 2020, som vardera utser en ledamot av valberedningen. F\u00f6r det fall n\u00e5gon av de tre st\u00f6rsta aktie\u00e4garna inte \u00f6nskar utse en ledamot av valberedningen ska den fj\u00e4rde st\u00f6rsta aktie\u00e4garen tillfr\u00e5gas och s\u00e5 vidare intill dess att valberedningen best\u00e5r av tre ledam\u00f6ter. Fler \u00e4n tio aktie\u00e4gare beh\u00f6ver dock inte tillfr\u00e5gas. Vidare skall styrelsens ordf\u00f6rande adjungeras till valberedningen.<\/p>\n<p>&nbsp;<\/p>\n<p>Valberedningens ledam\u00f6ter ska offentligg\u00f6ras p\u00e5 Bolagets hemsida senast sex m\u00e5nader f\u00f6re n\u00e4sta \u00e5rsst\u00e4mma. Mandatperioden f\u00f6r den utsedda valberedningen ska l\u00f6pa intill dess att ny valberedning utsetts enligt mandat fr\u00e5n n\u00e4sta \u00e5rsst\u00e4mma.<\/p>\n<p>&nbsp;<\/p>\n<p>Valberedningen utser ordf\u00f6rande inom gruppen. Styrelseordf\u00f6randen eller annan styrelseledamot ska inte vara ordf\u00f6rande f\u00f6r valberedningen.<\/p>\n<p>&nbsp;<\/p>\n<p>Om en ledamot l\u00e4mnar valberedningen innan dess arbete \u00e4r slutf\u00f6rt och om valberedningen anser att det finns behov av att ers\u00e4tta denna ledamot, ska valberedningen utse ny ledamot enligt principerna ovan, men med utg\u00e5ngspunkt i Euroclear Sweden AB:s utskrift av aktieboken snarast m\u00f6jligt efter det att ledamoten l\u00e4mnat sin post. \u00c4ndring i valberedningens sammans\u00e4ttning ska omedelbart offentligg\u00f6ras.<\/p>\n<p>&nbsp;<\/p>\n<p>Arvode ska inte utg\u00e5 till valberedningens ledam\u00f6ter. Valberedningen f\u00e5r dock belasta Bolaget med sk\u00e4liga kostnader som uppst\u00e5r i nomineringsprocessen.<\/p>\n<p>&nbsp;<\/p>\n<p>Valberedningen ska inf\u00f6r \u00e5rsst\u00e4mman 2021 f\u00f6rbereda f\u00f6rslag till f\u00f6ljande beslut:<\/p>\n<p>1)\u00a0\u00a0\u00a0\u00a0 f\u00f6rslag till val av ordf\u00f6rande vid \u00e5rsst\u00e4mman,<\/p>\n<p>2)\u00a0\u00a0\u00a0\u00a0 f\u00f6rslag till styrelsearvoden och ers\u00e4ttning till Bolagets revisorer,<\/p>\n<p>3)\u00a0\u00a0\u00a0\u00a0 f\u00f6rslag till val av styrelseledam\u00f6ter,<\/p>\n<p>4)\u00a0\u00a0\u00a0\u00a0 f\u00f6rslag till val av styrelseordf\u00f6rande,<\/p>\n<p>5)\u00a0\u00a0\u00a0\u00a0 f\u00f6rslag till val av revisorer, och<\/p>\n<p>6)\u00a0\u00a0\u00a0\u00a0 f\u00f6rslag till principer f\u00f6r utseende av ledam\u00f6ter till valberedningen samt f\u00f6rslag till beslut om riktlinjer f\u00f6r valberedningen inf\u00f6r \u00e5rsst\u00e4mman 2022.<\/p>\n<p>&nbsp;<\/p>\n<p><strong>Punkt 12 &#8211; Beslut om bemyndigande avseende f\u00f6retr\u00e4desemission<\/strong><\/p>\n<p>Styrelsen f\u00f6resl\u00e5r att \u00e5rsst\u00e4mman beslutar att bemyndiga styrelsen att, vid ett eller flera tillf\u00e4llen, f\u00f6r tiden intill n\u00e4sta \u00e5rsst\u00e4mma, fatta beslut om emission av aktier, teckningsoptioner och\/eller konvertibler. Emission skall ske med f\u00f6retr\u00e4de f\u00f6r befintliga aktie\u00e4gare.<\/p>\n<p>&nbsp;<\/p>\n<p><strong>Punkt 13 &#8211; Beslut om bemyndigande avseende riktad emission<\/strong><\/p>\n<p>Styrelsen f\u00f6resl\u00e5r att \u00e5rsst\u00e4mman beslutar att bemyndiga styrelsen att, vid ett eller flera tillf\u00e4llen, f\u00f6r tiden intill n\u00e4sta \u00e5rsst\u00e4mma, fatta beslut om emission av aktier, teckningsoptioner och\/eller konvertibler. Styrelsen skall kunna besluta om emission med avvikelse fr\u00e5n aktie\u00e4garnas f\u00f6retr\u00e4desr\u00e4tt och\/eller med best\u00e4mmelse om apport, kvittning eller eljest med villkor. Styrelsen skall dock, med st\u00f6d av detta bemyndigande, inte kunna fatta beslut som inneb\u00e4r att aktiekapitalet \u00f6kas med mer \u00e4n tjugo (20) procent i f\u00f6rh\u00e5llande till det aktiekapital som f\u00f6religger n\u00e4r emissionsbemyndigandet f\u00f6rsta g\u00e5ngen tas i anspr\u00e5k.<\/p>\n<p>&nbsp;<\/p>\n<p>Sk\u00e4let till att styrelsen skall kunna fatta beslut om emission med avvikelse fr\u00e5n aktie\u00e4gares f\u00f6retr\u00e4desr\u00e4tt och\/eller med best\u00e4mmelse om apport, kvittning eller villkor enligt ovan \u00e4r att Bolaget skall kunna emittera aktier, teckningsoptioner och\/eller konvertibler i syfte att inf\u00f6rskaffa nytt kapital samt att m\u00f6jligg\u00f6ra f\u00f6r styrelsen att rikta emissioner till investerare som styrelsen bed\u00f6mer vara strategiskt viktiga f\u00f6r Bolaget.<\/p>\n<p>&nbsp;<\/p>\n<p>F\u00f6r beslut i enlighet med f\u00f6rslaget kr\u00e4vs att beslutet bitr\u00e4ds av aktie\u00e4gare med minst tv\u00e5 tredjedelar av s\u00e5v\u00e4l de avgivna r\u00f6sterna som de aktier som \u00e4r f\u00f6retr\u00e4dda vid st\u00e4mman.<\/p>\n<p>&nbsp;<\/p>\n<p><strong>Punkt 14 &#8211; Beslut om optionsprogram f\u00f6r ledning och \u00f6vriga anst\u00e4llda<\/strong><\/p>\n<p>Styrelsen f\u00f6resl\u00e5r att \u00e5rsst\u00e4mman beslutar att inr\u00e4tta ett teckningsoptionsbaserat incitamentsprogram f\u00f6r samtliga anst\u00e4llda i Bolaget genom emission av h\u00f6gst 500 000 teckningsoptioner av serie 2020\/2023:1 p\u00e5 f\u00f6ljande huvudsakliga villkor:<\/p>\n<p>&nbsp;<\/p>\n<p>Med avvikelse fr\u00e5n aktie\u00e4garnas f\u00f6retr\u00e4desr\u00e4tt f\u00e5r teckningsoptionerna endast tecknas av Bolagets anst\u00e4llda enligt nedan:<\/p>\n<p>&nbsp;<\/p>\n<p>(a)\u00a0\u00a0\u00a0\u00a0\u00a0\u00a0\u00a0\u00a0\u00a0\u00a0\u00a0\u00a0\u00a0\u00a0\u00a0\u00a0 David Westberg (CEO): h\u00f6gst 155 000 teckningsoptioner;<\/p>\n<p>(b)\u00a0\u00a0\u00a0\u00a0\u00a0\u00a0\u00a0\u00a0\u00a0\u00a0\u00a0\u00a0\u00a0\u00a0\u00a0\u00a0 Bj\u00f6rn Svanstr\u00f6m (CFO): h\u00f6gst 75 000 teckningsoptioner;<\/p>\n<p>(c)\u00a0\u00a0\u00a0\u00a0\u00a0\u00a0\u00a0\u00a0\u00a0\u00a0\u00a0\u00a0\u00a0\u00a0\u00a0\u00a0 Anders Johansson (Head of Intellectual Property): h\u00f6gst 50\u00a0000 teckningsoptioner;<\/p>\n<p>(d)\u00a0\u00a0\u00a0\u00a0\u00a0\u00a0\u00a0\u00a0\u00a0\u00a0\u00a0\u00a0\u00a0\u00a0\u00a0\u00a0 M\u00e5rten Rooth (Head of ALD R&amp;D and technical operations): h\u00f6gst 50\u00a0000 teckningsoptioner;<\/p>\n<p>(e)\u00a0\u00a0\u00a0\u00a0\u00a0\u00a0\u00a0\u00a0\u00a0\u00a0\u00a0\u00a0\u00a0\u00a0\u00a0\u00a0 Joel Hellrup (Senior Scientist Pharmaceutical development): h\u00f6gst 50\u00a0000 teckningsoptioner, och<\/p>\n<p>(f)\u00a0\u00a0\u00a0\u00a0\u00a0\u00a0\u00a0\u00a0\u00a0\u00a0\u00a0\u00a0\u00a0\u00a0\u00a0\u00a0\u00a0 \u00d6vriga anst\u00e4llda (6 personer): h\u00f6gst 20 000 teckningsoptioner var.<\/p>\n<p>&nbsp;<\/p>\n<p>Motivet till f\u00f6rslaget och sk\u00e4len till avvikelsen fr\u00e5n aktie\u00e4garnas f\u00f6retr\u00e4desr\u00e4tt \u00e4r att skapa ett teckningsoptionsbaserat incitamentsprogram f\u00f6r de anst\u00e4llda i Bolaget. Genom ett s\u00e5dant program erbjuds de anst\u00e4llda en m\u00f6jlighet att ta del av en v\u00e4rdetillv\u00e4xt i Bolagets aktie, vilket kan f\u00f6rv\u00e4ntas leda till ett \u00f6kat engagemang f\u00f6r Bolagets verksamhet och resultatutveckling samt h\u00f6ja motivationen och samh\u00f6righetsk\u00e4nslan med Bolaget. Styrelsen bed\u00f6mer att det kan f\u00e5 en positiv inverkan p\u00e5 Bolagets fortsatta utveckling till f\u00f6rdel f\u00f6r Bolaget och dess aktie\u00e4gare.<\/p>\n<p>&nbsp;<\/p>\n<p>Teckningsoptionerna ska emitteras till en kurs motsvarande teckningsoptionens marknadsv\u00e4rde vid tidpunkten f\u00f6r teckning. Ber\u00e4kning av teckningsoptionens marknadsv\u00e4rde ska utf\u00f6ras av ett oberoende v\u00e4rderingsinstitut med till\u00e4mpning av Black &amp; Scholes v\u00e4rderingsmodell.<\/p>\n<p>&nbsp;<\/p>\n<p>Teckning av teckningsoptioner ska ske p\u00e5 separat teckningslista senast den 5 juni 2020. Styrelsen ska ha r\u00e4tt att f\u00f6rl\u00e4nga teckningstiden. Tecknade teckningsoptioner ska betalas kontant senast den 10 juni 2020 genom ins\u00e4ttning p\u00e5 av Bolaget anvisat bankkonto. Styrelsen ska ha r\u00e4tt att f\u00f6rl\u00e4nga betalningstiden.<\/p>\n<p>&nbsp;<\/p>\n<p>Varje teckningsoption ber\u00e4ttigar till teckning av en ny aktie i Bolaget till en teckningskurs som motsvarar 200 procent av den volymv\u00e4gda genomsnittskursen f\u00f6r Bolagets aktie p\u00e5 Spotlight Stock Market under perioden fr.o.m. den 4 maj 2020 t.o.m. den 29 maj 2020. Teckningskursen ska avrundas till n\u00e4rmast hela \u00f6re, varvid 0,5 \u00f6re ska avrundas upp\u00e5t.<\/p>\n<p>&nbsp;<\/p>\n<p>Teckningsoptionerna f\u00e5r utnyttjas f\u00f6r teckning av aktier under perioden fr.o.m. den 1 juni 2023 t.o.m. den 31 juli 2023, med beaktande av vid var tid g\u00e4llande insiderlagstiftning.<\/p>\n<p>&nbsp;<\/p>\n<p>Aktie som tillkommer genom teckning med utnyttjande av teckningsoption medf\u00f6r r\u00e4tt till vinstutdelning f\u00f6rsta g\u00e5ngen p\u00e5 den avst\u00e4mningsdag f\u00f6r utdelning som infaller n\u00e4rmast efter det att teckningen verkst\u00e4llts.<\/p>\n<p>&nbsp;<\/p>\n<p>En f\u00f6ruts\u00e4ttning f\u00f6r tilldelning av teckningsoptioner \u00e4r att den teckningsber\u00e4ttigade vid tidpunkten f\u00f6r tilldelning av teckningsoptioner \u00e4r anst\u00e4lld i Bolaget och varken sj\u00e4lv sagt upp sig fr\u00e5n sin anst\u00e4llning eller blivit uppsagd. Med anst\u00e4lld j\u00e4mst\u00e4lls person som har tr\u00e4ffat anst\u00e4llningsavtal med Bolaget men \u00e4nnu inte tilltr\u00e4tt sin anst\u00e4llning. Ytterligare f\u00f6ruts\u00e4ttningar \u00e4r att teckning av teckningsoptioner lagligen kan ske samt att den anst\u00e4llde senast samtidigt med teckning har tr\u00e4ffat ett s.k. hembudsavtal med Bolaget enligt vilket den anst\u00e4llde \u00e4r f\u00f6rpliktigad att erbjuda Bolaget, eller den Bolaget anvisar, att f\u00f6rv\u00e4rva teckningsoptionerna om den anst\u00e4llde avser att \u00f6verl\u00e5ta teckningsoptionerna innan de kan utnyttjas, om den anst\u00e4lldes anst\u00e4llning upph\u00f6r inom viss tid samt i vissa andra fall, till marknadsv\u00e4rdet.<\/p>\n<p>&nbsp;<\/p>\n<p>F\u00f6r beslut i enlighet med f\u00f6rslaget kr\u00e4vs att beslutet bitr\u00e4ds av aktie\u00e4gare med minst nio tiondelar av s\u00e5v\u00e4l de avgivna r\u00f6sterna som de aktier som \u00e4r f\u00f6retr\u00e4dda vid st\u00e4mman.<\/p>\n<p>&nbsp;<\/p>\n<p><strong>Punkt 15 &#8211; Beslut om optionsprogram f\u00f6r styrelsen<\/strong><\/p>\n<p>Aktie\u00e4garna Christian \u00d6stberg, Jessica \u00d6stberg och Mats Boman, som tillsammans representerar ca tre procent av aktierna och r\u00f6sterna Bolaget f\u00f6resl\u00e5r att \u00e5rsst\u00e4mman, f\u00f6rutsatt att G\u00f6ran Ando, Bengt Gustavsson, Magnus Westgren, Urban Paulsson och Otto Skolling v\u00e4ljs till styrelseledam\u00f6ter i Bolaget vid st\u00e4mman, beslutar att inr\u00e4tta ett teckningsoptionsbaserat incitamentsprogram f\u00f6r n\u00e4mnda styrelseledam\u00f6ter genom emission av h\u00f6gst 849 000 teckningsoptioner av serie 2020\/2023:2 p\u00e5 f\u00f6ljande huvudsakliga villkor:<\/p>\n<p>&nbsp;<\/p>\n<p>Med avvikelse fr\u00e5n aktie\u00e4garnas f\u00f6retr\u00e4desr\u00e4tt f\u00e5r teckningsoptionerna endast tecknas av styrelseledam\u00f6ter i Bolaget enligt nedan:<\/p>\n<p>&nbsp;<\/p>\n<p>(a)\u00a0\u00a0\u00a0\u00a0\u00a0\u00a0\u00a0\u00a0\u00a0\u00a0\u00a0\u00a0\u00a0\u00a0\u00a0\u00a0 G\u00f6ran Ando: h\u00f6gst 425 000 teckningsoptioner;<\/p>\n<p>(b)\u00a0\u00a0\u00a0\u00a0\u00a0\u00a0\u00a0\u00a0\u00a0\u00a0\u00a0\u00a0\u00a0\u00a0\u00a0\u00a0 Bengt Gustavsson: h\u00f6gst 106 000 teckningsoptioner;<\/p>\n<p>(c)\u00a0\u00a0\u00a0\u00a0\u00a0\u00a0\u00a0\u00a0\u00a0\u00a0\u00a0\u00a0\u00a0\u00a0\u00a0\u00a0 Magnus Westgren: h\u00f6gst 106 000 teckningsoptioner;<\/p>\n<p>(d)\u00a0\u00a0\u00a0\u00a0\u00a0\u00a0\u00a0\u00a0\u00a0\u00a0\u00a0\u00a0\u00a0\u00a0\u00a0\u00a0 Urban Paulsson: h\u00f6gst 106 000 teckningsoptioner; och<\/p>\n<p>(e)\u00a0\u00a0\u00a0\u00a0\u00a0\u00a0\u00a0\u00a0\u00a0\u00a0\u00a0\u00a0\u00a0\u00a0\u00a0\u00a0 Otto Skolling: h\u00f6gst 106\u00a0000 teckningsoptioner.<\/p>\n<p>&nbsp;<\/p>\n<p>Motivet till f\u00f6rslaget och sk\u00e4len till avvikelsen fr\u00e5n aktie\u00e4garnas f\u00f6retr\u00e4desr\u00e4tt \u00e4r att skapa ett teckningsoptionsbaserat incitamentsprogram f\u00f6r vissa styrelseledam\u00f6ter i Bolaget (alla utom den ledamot som ocks\u00e5 \u00e4r anst\u00e4lld i Bolaget). Genom ett s\u00e5dant program erbjuds styrelseledam\u00f6terna en m\u00f6jlighet att ta del av en v\u00e4rdetillv\u00e4xt i Bolagets aktie, vilket kan f\u00f6rv\u00e4ntas leda till ett \u00f6kat engagemang f\u00f6r Bolagets verksamhet och resultatutveckling samt h\u00f6ja motivationen och samh\u00f6righetsk\u00e4nslan med Bolaget. Christian \u00d6stberg, Jessica \u00d6stberg och Mats Boman bed\u00f6mer att det kan f\u00e5 en positiv inverkan p\u00e5 Bolagets fortsatta utveckling till f\u00f6rdel f\u00f6r Bolaget och dess aktie\u00e4gare.<\/p>\n<p>&nbsp;<\/p>\n<p>Teckningsoptionerna ska emitteras till en kurs motsvarande teckningsoptionens marknadsv\u00e4rde vid tidpunkten f\u00f6r teckning. Ber\u00e4kning av teckningsoptionens marknadsv\u00e4rde ska utf\u00f6ras av ett oberoende v\u00e4rderingsinstitut med till\u00e4mpning av Black &amp; Scholes v\u00e4rderingsmodell.<\/p>\n<p>&nbsp;<\/p>\n<p>Teckning av teckningsoptioner ska ske p\u00e5 separat teckningslista senast den 5 juni 2020. Styrelsen ska ha r\u00e4tt att f\u00f6rl\u00e4nga teckningstiden. Tecknade teckningsoptioner ska betalas kontant senast den 10 juni 2020 genom ins\u00e4ttning p\u00e5 av Bolaget anvisat bankkonto. Styrelsen ska ha r\u00e4tt att f\u00f6rl\u00e4nga betalningstiden.<\/p>\n<p>&nbsp;<\/p>\n<p>Varje teckningsoption ber\u00e4ttigar till teckning av en ny aktie i Bolaget till en teckningskurs som motsvarar 200 procent av den volymv\u00e4gda genomsnittskursen f\u00f6r Bolagets aktie p\u00e5 Spotlight Stock Market under perioden fr.o.m. den 4 maj 2020 t.o.m. den 29 maj 2020. Teckningskursen ska avrundas till n\u00e4rmast hela \u00f6re, varvid 0,5 \u00f6re ska avrundas upp\u00e5t.<\/p>\n<p>&nbsp;<\/p>\n<p>Teckningsoptionerna f\u00e5r utnyttjas f\u00f6r teckning av aktier under perioden fr.o.m. den 1 juni 2023 t.o.m. den 31 juli 2023, med beaktande av vid var tid g\u00e4llande insiderlagstiftning.<\/p>\n<p>&nbsp;<\/p>\n<p>Aktie som tillkommer genom teckning med utnyttjande av teckningsoption medf\u00f6r r\u00e4tt till vinstutdelning f\u00f6rsta g\u00e5ngen p\u00e5 den avst\u00e4mningsdag f\u00f6r utdelning som infaller n\u00e4rmast efter det att teckningen verkst\u00e4llts.<\/p>\n<p>&nbsp;<\/p>\n<p>En f\u00f6ruts\u00e4ttning f\u00f6r tilldelning av teckningsoptioner \u00e4r att den teckningsber\u00e4ttigade \u00e4r styrelseledamot i Bolaget vid tidpunkten f\u00f6r tilldelning. Ytterligare f\u00f6ruts\u00e4ttningar \u00e4r att teckning av teckningsoptioner lagligen kan ske samt att styrelseledamoten senast samtidigt med teckning har tr\u00e4ffat ett s.k. hembudsavtal med Bolaget, p\u00e5 villkor fastst\u00e4llda av Christian \u00d6stberg, Jessica \u00d6stberg och Mats Boman, enligt vilket styrelseledamoten \u00e4r f\u00f6rpliktigad att erbjuda Bolaget, eller den Bolaget anvisar, att f\u00f6rv\u00e4rva teckningsoptionerna om styrelseledamoten avser att \u00f6verl\u00e5ta teckningsoptionerna innan de kan utnyttjas, om styrelseledamotens uppdrag som styrelseledamot i Bolaget upph\u00f6r inom viss tid samt i vissa andra fall.<\/p>\n<p>&nbsp;<\/p>\n<p>F\u00f6r beslut i enlighet med f\u00f6rslaget kr\u00e4vs att beslutet bitr\u00e4ds av aktie\u00e4gare med minst nio tiondelar av s\u00e5v\u00e4l de avgivna r\u00f6sterna som de aktier som \u00e4r f\u00f6retr\u00e4dda vid st\u00e4mman.<\/p>\n<p><strong>C. \u00d6vrigt<\/strong><\/p>\n<p>Styrelsen och VD ska, om n\u00e5gon aktie\u00e4gare beg\u00e4r det och styrelsen anser att det kan ske utan v\u00e4sentlig skada f\u00f6r bolaget l\u00e4mna upplysningar om f\u00f6rh\u00e5llanden som kan inverka p\u00e5 bed\u00f6mningen av ett \u00e4rende p\u00e5 dagordningen eller p\u00e5 bolagets ekonomiska situation.<\/p>\n<p>&nbsp;<\/p>\n<p>\u00c5rsredovisning och revisionsber\u00e4ttelse, fullmaktsformul\u00e4r samt fullst\u00e4ndiga f\u00f6rslag till beslut kommer senast tisdagen den 12 maj 2020 att finnas tillg\u00e4ngliga p\u00e5 bolagets hemsida, www.nanexa.com, och p\u00e5 bolagets adress Virdings All\u00e9 32 B (bes\u00f6ksadress Rapsgatan 7), 754 50 Uppsala. Kopior av dessa handlingar kommer att s\u00e4ndas till de aktie\u00e4gare som beg\u00e4r det och uppger sin postadress. Handlingarna kommer \u00e4ven att h\u00e5llas tillg\u00e4ngliga vid st\u00e4mman.<\/p>\n<p>&nbsp;<\/p>\n<p>Vid tidpunkten f\u00f6r denna kallelses utf\u00e4rdande uppg\u00e5r det totala antalet aktier och r\u00f6ster i bolaget till 21 223 854.<\/p>\n<p>&nbsp;<\/p>\n<p>I samband med bolagsst\u00e4mman kommer personuppgifter att behandlas i enlighet med bolagets integritetspolicy, som finns tillg\u00e4nglig p\u00e5 bolagets webbplats www.nanexa.com.<\/p>\n<p>&nbsp;<\/p>\n<p>_____________________<\/p>\n<p>&nbsp;<\/p>\n<p>Uppsala i maj 2020<\/p>\n<p>&nbsp;<\/p>\n<p>Nanexa AB (publ)<\/p>\n<h2>Styrelsen<\/h2>\n<p>&nbsp;<\/p>\n","protected":false},"excerpt":{"rendered":"<p>KALLELSE TILL \u00c5RSST\u00c4MMA I NANEXA AB (PUBL)<\/p>\n<p>Aktie\u00e4garna i Nanexa AB (publ), 556833-0285 (\u201dBolaget\u201d), kallas h\u00e4rmed till \u00e5rsst\u00e4mma tisdagen den 2 juni 2020, klockan 17.00 p\u00e5 Uppsala Business Park,<\/p>\n<p><a class=\"read-more\" href=\"https:\/\/nanexa.com\/sv\/kallelse-till-arsstamma-i-nanexa-ab-publ\/\">L\u00e4s mer<\/a><\/p>\n","protected":false},"author":2,"featured_media":0,"comment_status":"closed","ping_status":"open","sticky":false,"template":"","format":"standard","meta":{"_acf_changed":false,"footnotes":""},"categories":[13],"tags":[],"class_list":["post-2056","post","type-post","status-publish","format-standard","hentry","category-pressmeddelanden"],"acf":[],"yoast_head":"<!-- This site is optimized with the Yoast SEO plugin v27.4 - https:\/\/yoast.com\/product\/yoast-seo-wordpress\/ -->\n<title>Kallelse till \u00e5rsst\u00e4mma i Nanexa AB (publ) - Nanexa AB<\/title>\n<meta name=\"robots\" content=\"index, follow, max-snippet:-1, max-image-preview:large, max-video-preview:-1\" \/>\n<link rel=\"canonical\" href=\"https:\/\/nanexa.com\/kallelse-till-arsstamma-i-nanexa-ab-publ\/\" \/>\n<meta property=\"og:locale\" content=\"sv_SE\" \/>\n<meta property=\"og:type\" content=\"article\" \/>\n<meta property=\"og:title\" content=\"Kallelse till \u00e5rsst\u00e4mma i Nanexa AB (publ) - Nanexa AB\" \/>\n<meta property=\"og:description\" content=\"KALLELSE TILL \u00c5RSST\u00c4MMA I NANEXA AB (PUBL) Aktie\u00e4garna i Nanexa AB (publ), 556833-0285 (\u201dBolaget\u201d), kallas h\u00e4rmed till \u00e5rsst\u00e4mma tisdagen den 2 juni 2020, klockan 17.00 p\u00e5 Uppsala Business Park,L\u00e4s mer\" \/>\n<meta property=\"og:url\" content=\"https:\/\/nanexa.com\/kallelse-till-arsstamma-i-nanexa-ab-publ\/\" \/>\n<meta property=\"og:site_name\" content=\"Nanexa AB\" \/>\n<meta property=\"article:published_time\" content=\"2020-05-04T10:25:08+00:00\" \/>\n<meta property=\"article:modified_time\" content=\"2020-05-09T16:28:54+00:00\" \/>\n<meta name=\"author\" content=\"Anders Johansson\" \/>\n<meta name=\"twitter:card\" content=\"summary_large_image\" \/>\n<meta name=\"twitter:label1\" content=\"Skriven av\" \/>\n\t<meta name=\"twitter:data1\" content=\"Anders Johansson\" \/>\n\t<meta name=\"twitter:label2\" content=\"Ber\u00e4knad l\u00e4stid\" \/>\n\t<meta name=\"twitter:data2\" content=\"14 minuter\" \/>\n<script type=\"application\/ld+json\" class=\"yoast-schema-graph\">{\"@context\":\"https:\\\/\\\/schema.org\",\"@graph\":[{\"@type\":\"Article\",\"@id\":\"https:\\\/\\\/nanexa.com\\\/kallelse-till-arsstamma-i-nanexa-ab-publ\\\/#article\",\"isPartOf\":{\"@id\":\"https:\\\/\\\/nanexa.com\\\/kallelse-till-arsstamma-i-nanexa-ab-publ\\\/\"},\"author\":{\"name\":\"Anders Johansson\",\"@id\":\"https:\\\/\\\/nanexa.com\\\/#\\\/schema\\\/person\\\/d26735c022a71d41737953c23a07692a\"},\"headline\":\"Kallelse till \u00e5rsst\u00e4mma i Nanexa AB (publ)\",\"datePublished\":\"2020-05-04T10:25:08+00:00\",\"dateModified\":\"2020-05-09T16:28:54+00:00\",\"mainEntityOfPage\":{\"@id\":\"https:\\\/\\\/nanexa.com\\\/kallelse-till-arsstamma-i-nanexa-ab-publ\\\/\"},\"wordCount\":2889,\"publisher\":{\"@id\":\"https:\\\/\\\/nanexa.com\\\/#organization\"},\"articleSection\":[\"Pressmeddelanden\"],\"inLanguage\":\"sv-SE\"},{\"@type\":\"WebPage\",\"@id\":\"https:\\\/\\\/nanexa.com\\\/kallelse-till-arsstamma-i-nanexa-ab-publ\\\/\",\"url\":\"https:\\\/\\\/nanexa.com\\\/kallelse-till-arsstamma-i-nanexa-ab-publ\\\/\",\"name\":\"Kallelse till \u00e5rsst\u00e4mma i Nanexa AB (publ) - Nanexa AB\",\"isPartOf\":{\"@id\":\"https:\\\/\\\/nanexa.com\\\/#website\"},\"datePublished\":\"2020-05-04T10:25:08+00:00\",\"dateModified\":\"2020-05-09T16:28:54+00:00\",\"breadcrumb\":{\"@id\":\"https:\\\/\\\/nanexa.com\\\/kallelse-till-arsstamma-i-nanexa-ab-publ\\\/#breadcrumb\"},\"inLanguage\":\"sv-SE\",\"potentialAction\":[{\"@type\":\"ReadAction\",\"target\":[\"https:\\\/\\\/nanexa.com\\\/kallelse-till-arsstamma-i-nanexa-ab-publ\\\/\"]}]},{\"@type\":\"BreadcrumbList\",\"@id\":\"https:\\\/\\\/nanexa.com\\\/kallelse-till-arsstamma-i-nanexa-ab-publ\\\/#breadcrumb\",\"itemListElement\":[{\"@type\":\"ListItem\",\"position\":1,\"name\":\"Hem\",\"item\":\"https:\\\/\\\/nanexa.com\\\/sv\\\/\"},{\"@type\":\"ListItem\",\"position\":2,\"name\":\"Kallelse till \u00e5rsst\u00e4mma i Nanexa AB (publ)\"}]},{\"@type\":\"WebSite\",\"@id\":\"https:\\\/\\\/nanexa.com\\\/#website\",\"url\":\"https:\\\/\\\/nanexa.com\\\/\",\"name\":\"Nanexa AB\",\"description\":\"\",\"publisher\":{\"@id\":\"https:\\\/\\\/nanexa.com\\\/#organization\"},\"potentialAction\":[{\"@type\":\"SearchAction\",\"target\":{\"@type\":\"EntryPoint\",\"urlTemplate\":\"https:\\\/\\\/nanexa.com\\\/?s={search_term_string}\"},\"query-input\":{\"@type\":\"PropertyValueSpecification\",\"valueRequired\":true,\"valueName\":\"search_term_string\"}}],\"inLanguage\":\"sv-SE\"},{\"@type\":\"Organization\",\"@id\":\"https:\\\/\\\/nanexa.com\\\/#organization\",\"name\":\"Nanexa AB\",\"url\":\"https:\\\/\\\/nanexa.com\\\/\",\"logo\":{\"@type\":\"ImageObject\",\"inLanguage\":\"sv-SE\",\"@id\":\"https:\\\/\\\/nanexa.com\\\/#\\\/schema\\\/logo\\\/image\\\/\",\"url\":\"https:\\\/\\\/nanexa.com\\\/wp-content\\\/uploads\\\/2015\\\/04\\\/nanexa-logo.png\",\"contentUrl\":\"https:\\\/\\\/nanexa.com\\\/wp-content\\\/uploads\\\/2015\\\/04\\\/nanexa-logo.png\",\"width\":165,\"height\":50,\"caption\":\"Nanexa AB\"},\"image\":{\"@id\":\"https:\\\/\\\/nanexa.com\\\/#\\\/schema\\\/logo\\\/image\\\/\"}},{\"@type\":\"Person\",\"@id\":\"https:\\\/\\\/nanexa.com\\\/#\\\/schema\\\/person\\\/d26735c022a71d41737953c23a07692a\",\"name\":\"Anders Johansson\",\"image\":{\"@type\":\"ImageObject\",\"inLanguage\":\"sv-SE\",\"@id\":\"https:\\\/\\\/secure.gravatar.com\\\/avatar\\\/1eee3bf26eba126e14bce6671b99389c3e366b0577f9fa176d41797d92204ff1?s=96&d=mm&r=g\",\"url\":\"https:\\\/\\\/secure.gravatar.com\\\/avatar\\\/1eee3bf26eba126e14bce6671b99389c3e366b0577f9fa176d41797d92204ff1?s=96&d=mm&r=g\",\"contentUrl\":\"https:\\\/\\\/secure.gravatar.com\\\/avatar\\\/1eee3bf26eba126e14bce6671b99389c3e366b0577f9fa176d41797d92204ff1?s=96&d=mm&r=g\",\"caption\":\"Anders Johansson\"},\"url\":\"https:\\\/\\\/nanexa.com\\\/sv\\\/author\\\/anders\\\/\"}]}<\/script>\n<!-- \/ Yoast SEO plugin. -->","yoast_head_json":{"title":"Kallelse till \u00e5rsst\u00e4mma i Nanexa AB (publ) - Nanexa AB","robots":{"index":"index","follow":"follow","max-snippet":"max-snippet:-1","max-image-preview":"max-image-preview:large","max-video-preview":"max-video-preview:-1"},"canonical":"https:\/\/nanexa.com\/kallelse-till-arsstamma-i-nanexa-ab-publ\/","og_locale":"sv_SE","og_type":"article","og_title":"Kallelse till \u00e5rsst\u00e4mma i Nanexa AB (publ) - Nanexa AB","og_description":"KALLELSE TILL \u00c5RSST\u00c4MMA I NANEXA AB (PUBL) Aktie\u00e4garna i Nanexa AB (publ), 556833-0285 (\u201dBolaget\u201d), kallas h\u00e4rmed till \u00e5rsst\u00e4mma tisdagen den 2 juni 2020, klockan 17.00 p\u00e5 Uppsala Business Park,L\u00e4s mer","og_url":"https:\/\/nanexa.com\/kallelse-till-arsstamma-i-nanexa-ab-publ\/","og_site_name":"Nanexa AB","article_published_time":"2020-05-04T10:25:08+00:00","article_modified_time":"2020-05-09T16:28:54+00:00","author":"Anders Johansson","twitter_card":"summary_large_image","twitter_misc":{"Skriven av":"Anders Johansson","Ber\u00e4knad l\u00e4stid":"14 minuter"},"schema":{"@context":"https:\/\/schema.org","@graph":[{"@type":"Article","@id":"https:\/\/nanexa.com\/kallelse-till-arsstamma-i-nanexa-ab-publ\/#article","isPartOf":{"@id":"https:\/\/nanexa.com\/kallelse-till-arsstamma-i-nanexa-ab-publ\/"},"author":{"name":"Anders Johansson","@id":"https:\/\/nanexa.com\/#\/schema\/person\/d26735c022a71d41737953c23a07692a"},"headline":"Kallelse till \u00e5rsst\u00e4mma i Nanexa AB (publ)","datePublished":"2020-05-04T10:25:08+00:00","dateModified":"2020-05-09T16:28:54+00:00","mainEntityOfPage":{"@id":"https:\/\/nanexa.com\/kallelse-till-arsstamma-i-nanexa-ab-publ\/"},"wordCount":2889,"publisher":{"@id":"https:\/\/nanexa.com\/#organization"},"articleSection":["Pressmeddelanden"],"inLanguage":"sv-SE"},{"@type":"WebPage","@id":"https:\/\/nanexa.com\/kallelse-till-arsstamma-i-nanexa-ab-publ\/","url":"https:\/\/nanexa.com\/kallelse-till-arsstamma-i-nanexa-ab-publ\/","name":"Kallelse till \u00e5rsst\u00e4mma i Nanexa AB (publ) - Nanexa AB","isPartOf":{"@id":"https:\/\/nanexa.com\/#website"},"datePublished":"2020-05-04T10:25:08+00:00","dateModified":"2020-05-09T16:28:54+00:00","breadcrumb":{"@id":"https:\/\/nanexa.com\/kallelse-till-arsstamma-i-nanexa-ab-publ\/#breadcrumb"},"inLanguage":"sv-SE","potentialAction":[{"@type":"ReadAction","target":["https:\/\/nanexa.com\/kallelse-till-arsstamma-i-nanexa-ab-publ\/"]}]},{"@type":"BreadcrumbList","@id":"https:\/\/nanexa.com\/kallelse-till-arsstamma-i-nanexa-ab-publ\/#breadcrumb","itemListElement":[{"@type":"ListItem","position":1,"name":"Hem","item":"https:\/\/nanexa.com\/sv\/"},{"@type":"ListItem","position":2,"name":"Kallelse till \u00e5rsst\u00e4mma i Nanexa AB (publ)"}]},{"@type":"WebSite","@id":"https:\/\/nanexa.com\/#website","url":"https:\/\/nanexa.com\/","name":"Nanexa AB","description":"","publisher":{"@id":"https:\/\/nanexa.com\/#organization"},"potentialAction":[{"@type":"SearchAction","target":{"@type":"EntryPoint","urlTemplate":"https:\/\/nanexa.com\/?s={search_term_string}"},"query-input":{"@type":"PropertyValueSpecification","valueRequired":true,"valueName":"search_term_string"}}],"inLanguage":"sv-SE"},{"@type":"Organization","@id":"https:\/\/nanexa.com\/#organization","name":"Nanexa AB","url":"https:\/\/nanexa.com\/","logo":{"@type":"ImageObject","inLanguage":"sv-SE","@id":"https:\/\/nanexa.com\/#\/schema\/logo\/image\/","url":"https:\/\/nanexa.com\/wp-content\/uploads\/2015\/04\/nanexa-logo.png","contentUrl":"https:\/\/nanexa.com\/wp-content\/uploads\/2015\/04\/nanexa-logo.png","width":165,"height":50,"caption":"Nanexa AB"},"image":{"@id":"https:\/\/nanexa.com\/#\/schema\/logo\/image\/"}},{"@type":"Person","@id":"https:\/\/nanexa.com\/#\/schema\/person\/d26735c022a71d41737953c23a07692a","name":"Anders Johansson","image":{"@type":"ImageObject","inLanguage":"sv-SE","@id":"https:\/\/secure.gravatar.com\/avatar\/1eee3bf26eba126e14bce6671b99389c3e366b0577f9fa176d41797d92204ff1?s=96&d=mm&r=g","url":"https:\/\/secure.gravatar.com\/avatar\/1eee3bf26eba126e14bce6671b99389c3e366b0577f9fa176d41797d92204ff1?s=96&d=mm&r=g","contentUrl":"https:\/\/secure.gravatar.com\/avatar\/1eee3bf26eba126e14bce6671b99389c3e366b0577f9fa176d41797d92204ff1?s=96&d=mm&r=g","caption":"Anders Johansson"},"url":"https:\/\/nanexa.com\/sv\/author\/anders\/"}]}},"_links":{"self":[{"href":"https:\/\/nanexa.com\/sv\/wp-json\/wp\/v2\/posts\/2056","targetHints":{"allow":["GET"]}}],"collection":[{"href":"https:\/\/nanexa.com\/sv\/wp-json\/wp\/v2\/posts"}],"about":[{"href":"https:\/\/nanexa.com\/sv\/wp-json\/wp\/v2\/types\/post"}],"author":[{"embeddable":true,"href":"https:\/\/nanexa.com\/sv\/wp-json\/wp\/v2\/users\/2"}],"replies":[{"embeddable":true,"href":"https:\/\/nanexa.com\/sv\/wp-json\/wp\/v2\/comments?post=2056"}],"version-history":[{"count":5,"href":"https:\/\/nanexa.com\/sv\/wp-json\/wp\/v2\/posts\/2056\/revisions"}],"predecessor-version":[{"id":2170,"href":"https:\/\/nanexa.com\/sv\/wp-json\/wp\/v2\/posts\/2056\/revisions\/2170"}],"wp:attachment":[{"href":"https:\/\/nanexa.com\/sv\/wp-json\/wp\/v2\/media?parent=2056"}],"wp:term":[{"taxonomy":"category","embeddable":true,"href":"https:\/\/nanexa.com\/sv\/wp-json\/wp\/v2\/categories?post=2056"},{"taxonomy":"post_tag","embeddable":true,"href":"https:\/\/nanexa.com\/sv\/wp-json\/wp\/v2\/tags?post=2056"}],"curies":[{"name":"wp","href":"https:\/\/api.w.org\/{rel}","templated":true}]}}