{"id":314,"date":"2015-03-31T10:57:57","date_gmt":"2015-03-31T08:57:57","guid":{"rendered":"http:\/\/www.nanexa.com\/?p=314"},"modified":"2015-04-27T18:14:32","modified_gmt":"2015-04-27T16:14:32","slug":"nanexa-finalist-i-arets-nanoforetag-2015","status":"publish","type":"post","link":"https:\/\/nanexa.com\/sv\/nanexa-finalist-i-arets-nanoforetag-2015\/","title":{"rendered":"Nanexa finalist i \u00c5rets nanof\u00f6retag 2015"},"content":{"rendered":"<div class=\"\">\n<div class=\"WordSection1\">\n<div class=\"\">Nanexa \u00e4r ett av fem bolag som har n\u00e5tt till finalen p\u00e5 \u00c5rets Nanof\u00f6retag 2015.<\/div>\n<\/div>\n<\/div>\n<div class=\"\"><\/div>\n<div class=\"\">&#8221;\u00c5rets nanof\u00f6retag&#8221; \u00e4r en utm\u00e4rkelse som delas ut av\u00a0<strong>SwedNanoTech<\/strong>\u00a0i samband med den \u00e5rliga konferensen\u00a0<strong>NanoForum<\/strong>.\u00a0\u00c5rets nanof\u00f6retag\u00a0\u00e4r SwedNanoTechs\u00a0s\u00e4tt att uppm\u00e4rksamma unga, ansvarsfulla nanof\u00f6retag.Finalisterna\u00a0kommer att f\u00e5 presentera sin verksamhet p\u00e5 scenen under\u00a0NanoForum: 2015, som h\u00e5lls den\u00a0<strong>16 april i Stockholm<\/strong>. Ett av dessa koras till \u00c5rets nanof\u00f6retag 2015.<\/div>\n","protected":false},"excerpt":{"rendered":"<p>Nanexa \u00e4r ett av fem bolag som har n\u00e5tt till finalen p\u00e5 \u00c5rets Nanof\u00f6retag 2015.<\/p>\n<p>&#8221;\u00c5rets nanof\u00f6retag&#8221; \u00e4r en utm\u00e4rkelse som delas ut av\u00a0SwedNanoTech\u00a0i samband med den \u00e5rliga konferensen\u00a0NanoForum.\u00a0<a class=\"read-more\" href=\"https:\/\/nanexa.com\/sv\/nanexa-finalist-i-arets-nanoforetag-2015\/\">L\u00e4s mer<\/a><\/p>\n","protected":false},"author":2,"featured_media":0,"comment_status":"closed","ping_status":"open","sticky":false,"template":"","format":"standard","meta":{"_acf_changed":false,"footnotes":""},"categories":[7],"tags":[],"class_list":["post-314","post","type-post","status-publish","format-standard","hentry","category-nyheter"],"acf":[],"yoast_head":"<!-- This site is optimized with the Yoast SEO plugin v27.5 - https:\/\/yoast.com\/product\/yoast-seo-wordpress\/ -->\n<title>Nanexa finalist i \u00c5rets nanof\u00f6retag 2015 - Nanexa AB<\/title>\n<meta name=\"robots\" content=\"index, follow, max-snippet:-1, max-image-preview:large, max-video-preview:-1\" \/>\n<link rel=\"canonical\" href=\"https:\/\/nanexa.com\/nanexa-finalist-i-arets-nanoforetag-2015\/\" \/>\n<meta property=\"og:locale\" content=\"sv_SE\" \/>\n<meta property=\"og:type\" content=\"article\" \/>\n<meta property=\"og:title\" content=\"Nanexa finalist i \u00c5rets nanof\u00f6retag 2015 - Nanexa AB\" \/>\n<meta property=\"og:description\" content=\"Nanexa \u00e4r ett av fem bolag som har n\u00e5tt till finalen p\u00e5 \u00c5rets Nanof\u00f6retag 2015.  &#8221;\u00c5rets nanof\u00f6retag&#8221; \u00e4r en utm\u00e4rkelse som delas ut av\u00a0SwedNanoTech\u00a0i samband med den \u00e5rliga konferensen\u00a0NanoForum.\u00a0L\u00e4s mer\" \/>\n<meta property=\"og:url\" content=\"https:\/\/nanexa.com\/nanexa-finalist-i-arets-nanoforetag-2015\/\" \/>\n<meta property=\"og:site_name\" content=\"Nanexa AB\" \/>\n<meta property=\"article:published_time\" content=\"2015-03-31T08:57:57+00:00\" \/>\n<meta property=\"article:modified_time\" content=\"2015-04-27T16:14:32+00:00\" \/>\n<meta name=\"author\" content=\"Anders Johansson\" \/>\n<meta name=\"twitter:card\" content=\"summary_large_image\" \/>\n<meta name=\"twitter:label1\" content=\"Skriven av\" \/>\n\t<meta name=\"twitter:data1\" content=\"Anders Johansson\" \/>\n<script type=\"application\/ld+json\" class=\"yoast-schema-graph\">{\"@context\":\"https:\\\/\\\/schema.org\",\"@graph\":[{\"@type\":\"Article\",\"@id\":\"https:\\\/\\\/nanexa.com\\\/nanexa-finalist-i-arets-nanoforetag-2015\\\/#article\",\"isPartOf\":{\"@id\":\"https:\\\/\\\/nanexa.com\\\/nanexa-finalist-i-arets-nanoforetag-2015\\\/\"},\"author\":{\"name\":\"Anders Johansson\",\"@id\":\"https:\\\/\\\/nanexa.com\\\/#\\\/schema\\\/person\\\/d26735c022a71d41737953c23a07692a\"},\"headline\":\"Nanexa finalist i \u00c5rets nanof\u00f6retag 2015\",\"datePublished\":\"2015-03-31T08:57:57+00:00\",\"dateModified\":\"2015-04-27T16:14:32+00:00\",\"mainEntityOfPage\":{\"@id\":\"https:\\\/\\\/nanexa.com\\\/nanexa-finalist-i-arets-nanoforetag-2015\\\/\"},\"wordCount\":81,\"publisher\":{\"@id\":\"https:\\\/\\\/nanexa.com\\\/#organization\"},\"articleSection\":[\"Nyheter\"],\"inLanguage\":\"sv-SE\"},{\"@type\":\"WebPage\",\"@id\":\"https:\\\/\\\/nanexa.com\\\/nanexa-finalist-i-arets-nanoforetag-2015\\\/\",\"url\":\"https:\\\/\\\/nanexa.com\\\/nanexa-finalist-i-arets-nanoforetag-2015\\\/\",\"name\":\"Nanexa finalist i \u00c5rets nanof\u00f6retag 2015 - Nanexa AB\",\"isPartOf\":{\"@id\":\"https:\\\/\\\/nanexa.com\\\/#website\"},\"datePublished\":\"2015-03-31T08:57:57+00:00\",\"dateModified\":\"2015-04-27T16:14:32+00:00\",\"breadcrumb\":{\"@id\":\"https:\\\/\\\/nanexa.com\\\/nanexa-finalist-i-arets-nanoforetag-2015\\\/#breadcrumb\"},\"inLanguage\":\"sv-SE\",\"potentialAction\":[{\"@type\":\"ReadAction\",\"target\":[\"https:\\\/\\\/nanexa.com\\\/nanexa-finalist-i-arets-nanoforetag-2015\\\/\"]}]},{\"@type\":\"BreadcrumbList\",\"@id\":\"https:\\\/\\\/nanexa.com\\\/nanexa-finalist-i-arets-nanoforetag-2015\\\/#breadcrumb\",\"itemListElement\":[{\"@type\":\"ListItem\",\"position\":1,\"name\":\"Hem\",\"item\":\"https:\\\/\\\/nanexa.com\\\/sv\\\/\"},{\"@type\":\"ListItem\",\"position\":2,\"name\":\"Nanexa finalist i \u00c5rets nanof\u00f6retag 2015\"}]},{\"@type\":\"WebSite\",\"@id\":\"https:\\\/\\\/nanexa.com\\\/#website\",\"url\":\"https:\\\/\\\/nanexa.com\\\/\",\"name\":\"Nanexa AB\",\"description\":\"\",\"publisher\":{\"@id\":\"https:\\\/\\\/nanexa.com\\\/#organization\"},\"potentialAction\":[{\"@type\":\"SearchAction\",\"target\":{\"@type\":\"EntryPoint\",\"urlTemplate\":\"https:\\\/\\\/nanexa.com\\\/?s={search_term_string}\"},\"query-input\":{\"@type\":\"PropertyValueSpecification\",\"valueRequired\":true,\"valueName\":\"search_term_string\"}}],\"inLanguage\":\"sv-SE\"},{\"@type\":\"Organization\",\"@id\":\"https:\\\/\\\/nanexa.com\\\/#organization\",\"name\":\"Nanexa AB\",\"url\":\"https:\\\/\\\/nanexa.com\\\/\",\"logo\":{\"@type\":\"ImageObject\",\"inLanguage\":\"sv-SE\",\"@id\":\"https:\\\/\\\/nanexa.com\\\/#\\\/schema\\\/logo\\\/image\\\/\",\"url\":\"https:\\\/\\\/nanexa.com\\\/wp-content\\\/uploads\\\/2015\\\/04\\\/nanexa-logo.png\",\"contentUrl\":\"https:\\\/\\\/nanexa.com\\\/wp-content\\\/uploads\\\/2015\\\/04\\\/nanexa-logo.png\",\"width\":165,\"height\":50,\"caption\":\"Nanexa AB\"},\"image\":{\"@id\":\"https:\\\/\\\/nanexa.com\\\/#\\\/schema\\\/logo\\\/image\\\/\"}},{\"@type\":\"Person\",\"@id\":\"https:\\\/\\\/nanexa.com\\\/#\\\/schema\\\/person\\\/d26735c022a71d41737953c23a07692a\",\"name\":\"Anders Johansson\",\"image\":{\"@type\":\"ImageObject\",\"inLanguage\":\"sv-SE\",\"@id\":\"https:\\\/\\\/secure.gravatar.com\\\/avatar\\\/1eee3bf26eba126e14bce6671b99389c3e366b0577f9fa176d41797d92204ff1?s=96&d=mm&r=g\",\"url\":\"https:\\\/\\\/secure.gravatar.com\\\/avatar\\\/1eee3bf26eba126e14bce6671b99389c3e366b0577f9fa176d41797d92204ff1?s=96&d=mm&r=g\",\"contentUrl\":\"https:\\\/\\\/secure.gravatar.com\\\/avatar\\\/1eee3bf26eba126e14bce6671b99389c3e366b0577f9fa176d41797d92204ff1?s=96&d=mm&r=g\",\"caption\":\"Anders Johansson\"},\"url\":\"https:\\\/\\\/nanexa.com\\\/sv\\\/author\\\/anders\\\/\"}]}<\/script>\n<!-- \/ Yoast SEO plugin. -->","yoast_head_json":{"title":"Nanexa finalist i \u00c5rets nanof\u00f6retag 2015 - Nanexa AB","robots":{"index":"index","follow":"follow","max-snippet":"max-snippet:-1","max-image-preview":"max-image-preview:large","max-video-preview":"max-video-preview:-1"},"canonical":"https:\/\/nanexa.com\/nanexa-finalist-i-arets-nanoforetag-2015\/","og_locale":"sv_SE","og_type":"article","og_title":"Nanexa finalist i \u00c5rets nanof\u00f6retag 2015 - Nanexa AB","og_description":"Nanexa \u00e4r ett av fem bolag som har n\u00e5tt till finalen p\u00e5 \u00c5rets Nanof\u00f6retag 2015.  &#8221;\u00c5rets nanof\u00f6retag&#8221; \u00e4r en utm\u00e4rkelse som delas ut av\u00a0SwedNanoTech\u00a0i samband med den \u00e5rliga konferensen\u00a0NanoForum.\u00a0L\u00e4s mer","og_url":"https:\/\/nanexa.com\/nanexa-finalist-i-arets-nanoforetag-2015\/","og_site_name":"Nanexa AB","article_published_time":"2015-03-31T08:57:57+00:00","article_modified_time":"2015-04-27T16:14:32+00:00","author":"Anders Johansson","twitter_card":"summary_large_image","twitter_misc":{"Skriven av":"Anders Johansson"},"schema":{"@context":"https:\/\/schema.org","@graph":[{"@type":"Article","@id":"https:\/\/nanexa.com\/nanexa-finalist-i-arets-nanoforetag-2015\/#article","isPartOf":{"@id":"https:\/\/nanexa.com\/nanexa-finalist-i-arets-nanoforetag-2015\/"},"author":{"name":"Anders Johansson","@id":"https:\/\/nanexa.com\/#\/schema\/person\/d26735c022a71d41737953c23a07692a"},"headline":"Nanexa finalist i \u00c5rets nanof\u00f6retag 2015","datePublished":"2015-03-31T08:57:57+00:00","dateModified":"2015-04-27T16:14:32+00:00","mainEntityOfPage":{"@id":"https:\/\/nanexa.com\/nanexa-finalist-i-arets-nanoforetag-2015\/"},"wordCount":81,"publisher":{"@id":"https:\/\/nanexa.com\/#organization"},"articleSection":["Nyheter"],"inLanguage":"sv-SE"},{"@type":"WebPage","@id":"https:\/\/nanexa.com\/nanexa-finalist-i-arets-nanoforetag-2015\/","url":"https:\/\/nanexa.com\/nanexa-finalist-i-arets-nanoforetag-2015\/","name":"Nanexa finalist i \u00c5rets nanof\u00f6retag 2015 - Nanexa AB","isPartOf":{"@id":"https:\/\/nanexa.com\/#website"},"datePublished":"2015-03-31T08:57:57+00:00","dateModified":"2015-04-27T16:14:32+00:00","breadcrumb":{"@id":"https:\/\/nanexa.com\/nanexa-finalist-i-arets-nanoforetag-2015\/#breadcrumb"},"inLanguage":"sv-SE","potentialAction":[{"@type":"ReadAction","target":["https:\/\/nanexa.com\/nanexa-finalist-i-arets-nanoforetag-2015\/"]}]},{"@type":"BreadcrumbList","@id":"https:\/\/nanexa.com\/nanexa-finalist-i-arets-nanoforetag-2015\/#breadcrumb","itemListElement":[{"@type":"ListItem","position":1,"name":"Hem","item":"https:\/\/nanexa.com\/sv\/"},{"@type":"ListItem","position":2,"name":"Nanexa finalist i \u00c5rets nanof\u00f6retag 2015"}]},{"@type":"WebSite","@id":"https:\/\/nanexa.com\/#website","url":"https:\/\/nanexa.com\/","name":"Nanexa AB","description":"","publisher":{"@id":"https:\/\/nanexa.com\/#organization"},"potentialAction":[{"@type":"SearchAction","target":{"@type":"EntryPoint","urlTemplate":"https:\/\/nanexa.com\/?s={search_term_string}"},"query-input":{"@type":"PropertyValueSpecification","valueRequired":true,"valueName":"search_term_string"}}],"inLanguage":"sv-SE"},{"@type":"Organization","@id":"https:\/\/nanexa.com\/#organization","name":"Nanexa AB","url":"https:\/\/nanexa.com\/","logo":{"@type":"ImageObject","inLanguage":"sv-SE","@id":"https:\/\/nanexa.com\/#\/schema\/logo\/image\/","url":"https:\/\/nanexa.com\/wp-content\/uploads\/2015\/04\/nanexa-logo.png","contentUrl":"https:\/\/nanexa.com\/wp-content\/uploads\/2015\/04\/nanexa-logo.png","width":165,"height":50,"caption":"Nanexa AB"},"image":{"@id":"https:\/\/nanexa.com\/#\/schema\/logo\/image\/"}},{"@type":"Person","@id":"https:\/\/nanexa.com\/#\/schema\/person\/d26735c022a71d41737953c23a07692a","name":"Anders Johansson","image":{"@type":"ImageObject","inLanguage":"sv-SE","@id":"https:\/\/secure.gravatar.com\/avatar\/1eee3bf26eba126e14bce6671b99389c3e366b0577f9fa176d41797d92204ff1?s=96&d=mm&r=g","url":"https:\/\/secure.gravatar.com\/avatar\/1eee3bf26eba126e14bce6671b99389c3e366b0577f9fa176d41797d92204ff1?s=96&d=mm&r=g","contentUrl":"https:\/\/secure.gravatar.com\/avatar\/1eee3bf26eba126e14bce6671b99389c3e366b0577f9fa176d41797d92204ff1?s=96&d=mm&r=g","caption":"Anders Johansson"},"url":"https:\/\/nanexa.com\/sv\/author\/anders\/"}]}},"_links":{"self":[{"href":"https:\/\/nanexa.com\/sv\/wp-json\/wp\/v2\/posts\/314","targetHints":{"allow":["GET"]}}],"collection":[{"href":"https:\/\/nanexa.com\/sv\/wp-json\/wp\/v2\/posts"}],"about":[{"href":"https:\/\/nanexa.com\/sv\/wp-json\/wp\/v2\/types\/post"}],"author":[{"embeddable":true,"href":"https:\/\/nanexa.com\/sv\/wp-json\/wp\/v2\/users\/2"}],"replies":[{"embeddable":true,"href":"https:\/\/nanexa.com\/sv\/wp-json\/wp\/v2\/comments?post=314"}],"version-history":[{"count":3,"href":"https:\/\/nanexa.com\/sv\/wp-json\/wp\/v2\/posts\/314\/revisions"}],"predecessor-version":[{"id":329,"href":"https:\/\/nanexa.com\/sv\/wp-json\/wp\/v2\/posts\/314\/revisions\/329"}],"wp:attachment":[{"href":"https:\/\/nanexa.com\/sv\/wp-json\/wp\/v2\/media?parent=314"}],"wp:term":[{"taxonomy":"category","embeddable":true,"href":"https:\/\/nanexa.com\/sv\/wp-json\/wp\/v2\/categories?post=314"},{"taxonomy":"post_tag","embeddable":true,"href":"https:\/\/nanexa.com\/sv\/wp-json\/wp\/v2\/tags?post=314"}],"curies":[{"name":"wp","href":"https:\/\/api.w.org\/{rel}","templated":true}]}}