{"id":489,"date":"2015-06-16T17:18:28","date_gmt":"2015-06-16T15:18:28","guid":{"rendered":"http:\/\/www.nanexa.com\/nanexa-handel-i-nanexa-ab-inleds-17-juni-2015\/"},"modified":"2016-07-05T00:00:11","modified_gmt":"2016-07-04T22:00:11","slug":"nanexa-handel-i-nanexa-ab-inleds-17-juni-2015","status":"publish","type":"post","link":"https:\/\/nanexa.com\/sv\/nanexa-handel-i-nanexa-ab-inleds-17-juni-2015\/","title":{"rendered":"Nanexa: Handel i Nanexa AB inleds 17 juni 2015"},"content":{"rendered":"<p style=\"font-family: arial,helvetica,sans-serif;\"><span style=\"font-size: 10pt;\">I morgon den 17 juni inleds handeln i Nanexa AB:s (\u201dNanexa\u201d) aktier p\u00e5 Aktietorget.<\/span><\/p>\n<p style=\"font-family: arial,helvetica,sans-serif;\"><span style=\"font-size: 10pt;\">Teckningstiden i Nanexa ABs listningsemission avslutades den 5 juni 2015. Aktier f\u00f6r 65 miljoner kronor motsvarande en teckningsgrad om 630 % tecknades i emissionen av 1\u00a0304 tecknare. <\/span><\/p>\n<p style=\"font-family: arial,helvetica,sans-serif;\"><span style=\"font-size: 10pt;\">\u201dJag \u00e4r naturligtvis oerh\u00f6rt glad \u00f6ver det stora intresset f\u00f6r Nanexa AB och att vi har f\u00e5tt ett stort antal nya aktie\u00e4gare, som jag h\u00e4rmed vill h\u00e4lsa varmt v\u00e4lkomna. Tack vare emissionen kan vi nu accelerera produkt och aff\u00e4rsutveckling f\u00f6r att n\u00e5 utsatta m\u00e5l.\u201d, s\u00e4ger David Westberg, VD i Nanexa AB.<\/span><\/p>\n<p style=\"font-family: arial,helvetica,sans-serif;\"><span style=\"font-size: 10pt;\">Partner Fondkommission har varit finansiella r\u00e5dgivare i samband med erbjudandet.<\/span><\/p>\n<p style=\"font-family: arial,helvetica,sans-serif;\"><span style=\"font-size: 10pt;\">F\u00f6r mer information om erbjudandet kontakta:<\/span><\/p>\n<p style=\"font-family: arial,helvetica,sans-serif;\"><span style=\"font-size: 10pt;\">David Westberg \u2013 VD, Nanexa AB (publ)\u00a0<\/span><br \/><span style=\"font-size: 10pt;\"> Telefon: 0709 -42 83 03<\/span><br \/><span style=\"font-size: 10pt;\"> E-post:\u00a0<a href=\"mailto:david.westberg@nanexa.se\" target=\"_blank\">david.westberg@nanexa.se<\/a><\/span><\/p>\n<p style=\"font-family: arial,helvetica,sans-serif;\"><span style=\"font-size: 10pt;\">Alt.<\/span><\/p>\n<p style=\"font-family: arial,helvetica,sans-serif;\"><span style=\"font-size: 10pt;\">Torben Oskarsson, Partner Fondkommission AB<br \/>031-761 22 32,<br \/>E-post: <a href=\"mailto:torben.oskarsson@partnerfk.se\">torben.oskarsson@partnerfk.se<\/a><\/span><\/p>\n<p style=\"font-family: arial,helvetica,sans-serif;\"><span style=\"font-size: 10pt;\"><a href=\"http:\/\/www.nanexa.se\">www.nanexa.se<\/a><\/span><\/p>\n<p style=\"font-family: arial,helvetica,sans-serif;\"><span style=\"font-size: 10pt;\">Om Nanexa AB (publ)<br \/>Nanexa AB \u00e4r ett h\u00f6gteknologiskt forskningsf\u00f6retag som utvecklar och marknadsf\u00f6r produkter inom nanoteknologi. Bolagets fokus ligger p\u00e5 PharmaShell\u00ae som \u00e4r ett nytt och banbrytande drug delivery-system som bed\u00f6ms ha en stor potential inom ett flertal omr\u00e5den. Inom ramen f\u00f6r PharmaShell\u00ae har Nanexa samarbetsavtal med bland andra AstraZeneca och Karolinska Institutet.<strong><\/strong><\/span><\/p>\n","protected":false},"excerpt":{"rendered":"<p style=\"font-family: arial,helvetica,sans-serif;\">I morgon den 17 juni inleds handeln i Nanexa AB:s (\u201dNanexa\u201d) aktier p\u00e5 Aktietorget.<\/p>\n<p style=\"font-family: arial,helvetica,sans-serif;\">Teckningstiden i Nanexa ABs listningsemission avslutades den 5 juni 2015. Aktier f\u00f6r 65 miljoner kronor motsvarande en teckningsgrad om 630 % tecknades i emissionen av 1\u00a0304 tecknare.<\/p>\n<p><a class=\"read-more\" href=\"https:\/\/nanexa.com\/sv\/nanexa-handel-i-nanexa-ab-inleds-17-juni-2015\/\">L\u00e4s mer<\/a><\/p>\n","protected":false},"author":0,"featured_media":0,"comment_status":"closed","ping_status":"open","sticky":false,"template":"","format":"standard","meta":{"_acf_changed":false,"footnotes":""},"categories":[7],"tags":[],"class_list":["post-489","post","type-post","status-publish","format-standard","hentry","category-nyheter"],"acf":[],"yoast_head":"<!-- This site is optimized with the Yoast SEO plugin v27.5 - https:\/\/yoast.com\/product\/yoast-seo-wordpress\/ -->\n<title>Nanexa: Handel i Nanexa AB inleds 17 juni 2015 - Nanexa AB<\/title>\n<meta name=\"robots\" content=\"index, follow, max-snippet:-1, max-image-preview:large, max-video-preview:-1\" \/>\n<link rel=\"canonical\" href=\"https:\/\/nanexa.com\/nanexa-handel-i-nanexa-ab-inleds-17-juni-2015\/\" \/>\n<meta property=\"og:locale\" content=\"sv_SE\" \/>\n<meta property=\"og:type\" content=\"article\" \/>\n<meta property=\"og:title\" content=\"Nanexa: Handel i Nanexa AB inleds 17 juni 2015 - Nanexa AB\" \/>\n<meta property=\"og:description\" content=\"I morgon den 17 juni inleds handeln i Nanexa AB:s (\u201dNanexa\u201d) aktier p\u00e5 Aktietorget. Teckningstiden i Nanexa ABs listningsemission avslutades den 5 juni 2015. Aktier f\u00f6r 65 miljoner kronor motsvarande en teckningsgrad om 630 % tecknades i emissionen av 1\u00a0304 tecknare.L\u00e4s mer\" \/>\n<meta property=\"og:url\" content=\"https:\/\/nanexa.com\/nanexa-handel-i-nanexa-ab-inleds-17-juni-2015\/\" \/>\n<meta property=\"og:site_name\" content=\"Nanexa AB\" \/>\n<meta property=\"article:published_time\" content=\"2015-06-16T15:18:28+00:00\" \/>\n<meta property=\"article:modified_time\" content=\"2016-07-04T22:00:11+00:00\" \/>\n<meta name=\"twitter:card\" content=\"summary_large_image\" \/>\n<meta name=\"twitter:label1\" content=\"Ber\u00e4knad l\u00e4stid\" \/>\n\t<meta name=\"twitter:data1\" content=\"1 minut\" \/>\n<script type=\"application\/ld+json\" class=\"yoast-schema-graph\">{\"@context\":\"https:\\\/\\\/schema.org\",\"@graph\":[{\"@type\":\"Article\",\"@id\":\"https:\\\/\\\/nanexa.com\\\/nanexa-handel-i-nanexa-ab-inleds-17-juni-2015\\\/#article\",\"isPartOf\":{\"@id\":\"https:\\\/\\\/nanexa.com\\\/nanexa-handel-i-nanexa-ab-inleds-17-juni-2015\\\/\"},\"author\":{\"name\":\"\",\"@id\":\"\"},\"headline\":\"Nanexa: Handel i Nanexa AB inleds 17 juni 2015\",\"datePublished\":\"2015-06-16T15:18:28+00:00\",\"dateModified\":\"2016-07-04T22:00:11+00:00\",\"mainEntityOfPage\":{\"@id\":\"https:\\\/\\\/nanexa.com\\\/nanexa-handel-i-nanexa-ab-inleds-17-juni-2015\\\/\"},\"wordCount\":211,\"publisher\":{\"@id\":\"https:\\\/\\\/nanexa.com\\\/#organization\"},\"articleSection\":[\"Nyheter\"],\"inLanguage\":\"sv-SE\"},{\"@type\":\"WebPage\",\"@id\":\"https:\\\/\\\/nanexa.com\\\/nanexa-handel-i-nanexa-ab-inleds-17-juni-2015\\\/\",\"url\":\"https:\\\/\\\/nanexa.com\\\/nanexa-handel-i-nanexa-ab-inleds-17-juni-2015\\\/\",\"name\":\"Nanexa: Handel i Nanexa AB inleds 17 juni 2015 - Nanexa AB\",\"isPartOf\":{\"@id\":\"https:\\\/\\\/nanexa.com\\\/#website\"},\"datePublished\":\"2015-06-16T15:18:28+00:00\",\"dateModified\":\"2016-07-04T22:00:11+00:00\",\"breadcrumb\":{\"@id\":\"https:\\\/\\\/nanexa.com\\\/nanexa-handel-i-nanexa-ab-inleds-17-juni-2015\\\/#breadcrumb\"},\"inLanguage\":\"sv-SE\",\"potentialAction\":[{\"@type\":\"ReadAction\",\"target\":[\"https:\\\/\\\/nanexa.com\\\/nanexa-handel-i-nanexa-ab-inleds-17-juni-2015\\\/\"]}]},{\"@type\":\"BreadcrumbList\",\"@id\":\"https:\\\/\\\/nanexa.com\\\/nanexa-handel-i-nanexa-ab-inleds-17-juni-2015\\\/#breadcrumb\",\"itemListElement\":[{\"@type\":\"ListItem\",\"position\":1,\"name\":\"Hem\",\"item\":\"https:\\\/\\\/nanexa.com\\\/sv\\\/\"},{\"@type\":\"ListItem\",\"position\":2,\"name\":\"Nanexa: Handel i Nanexa AB inleds 17 juni 2015\"}]},{\"@type\":\"WebSite\",\"@id\":\"https:\\\/\\\/nanexa.com\\\/#website\",\"url\":\"https:\\\/\\\/nanexa.com\\\/\",\"name\":\"Nanexa AB\",\"description\":\"\",\"publisher\":{\"@id\":\"https:\\\/\\\/nanexa.com\\\/#organization\"},\"potentialAction\":[{\"@type\":\"SearchAction\",\"target\":{\"@type\":\"EntryPoint\",\"urlTemplate\":\"https:\\\/\\\/nanexa.com\\\/?s={search_term_string}\"},\"query-input\":{\"@type\":\"PropertyValueSpecification\",\"valueRequired\":true,\"valueName\":\"search_term_string\"}}],\"inLanguage\":\"sv-SE\"},{\"@type\":\"Organization\",\"@id\":\"https:\\\/\\\/nanexa.com\\\/#organization\",\"name\":\"Nanexa AB\",\"url\":\"https:\\\/\\\/nanexa.com\\\/\",\"logo\":{\"@type\":\"ImageObject\",\"inLanguage\":\"sv-SE\",\"@id\":\"https:\\\/\\\/nanexa.com\\\/#\\\/schema\\\/logo\\\/image\\\/\",\"url\":\"https:\\\/\\\/nanexa.com\\\/wp-content\\\/uploads\\\/2015\\\/04\\\/nanexa-logo.png\",\"contentUrl\":\"https:\\\/\\\/nanexa.com\\\/wp-content\\\/uploads\\\/2015\\\/04\\\/nanexa-logo.png\",\"width\":165,\"height\":50,\"caption\":\"Nanexa AB\"},\"image\":{\"@id\":\"https:\\\/\\\/nanexa.com\\\/#\\\/schema\\\/logo\\\/image\\\/\"}}]}<\/script>\n<!-- \/ Yoast SEO plugin. -->","yoast_head_json":{"title":"Nanexa: Handel i Nanexa AB inleds 17 juni 2015 - Nanexa AB","robots":{"index":"index","follow":"follow","max-snippet":"max-snippet:-1","max-image-preview":"max-image-preview:large","max-video-preview":"max-video-preview:-1"},"canonical":"https:\/\/nanexa.com\/nanexa-handel-i-nanexa-ab-inleds-17-juni-2015\/","og_locale":"sv_SE","og_type":"article","og_title":"Nanexa: Handel i Nanexa AB inleds 17 juni 2015 - Nanexa AB","og_description":"I morgon den 17 juni inleds handeln i Nanexa AB:s (\u201dNanexa\u201d) aktier p\u00e5 Aktietorget. Teckningstiden i Nanexa ABs listningsemission avslutades den 5 juni 2015. Aktier f\u00f6r 65 miljoner kronor motsvarande en teckningsgrad om 630 % tecknades i emissionen av 1\u00a0304 tecknare.L\u00e4s mer","og_url":"https:\/\/nanexa.com\/nanexa-handel-i-nanexa-ab-inleds-17-juni-2015\/","og_site_name":"Nanexa AB","article_published_time":"2015-06-16T15:18:28+00:00","article_modified_time":"2016-07-04T22:00:11+00:00","twitter_card":"summary_large_image","twitter_misc":{"Ber\u00e4knad l\u00e4stid":"1 minut"},"schema":{"@context":"https:\/\/schema.org","@graph":[{"@type":"Article","@id":"https:\/\/nanexa.com\/nanexa-handel-i-nanexa-ab-inleds-17-juni-2015\/#article","isPartOf":{"@id":"https:\/\/nanexa.com\/nanexa-handel-i-nanexa-ab-inleds-17-juni-2015\/"},"author":{"name":"","@id":""},"headline":"Nanexa: Handel i Nanexa AB inleds 17 juni 2015","datePublished":"2015-06-16T15:18:28+00:00","dateModified":"2016-07-04T22:00:11+00:00","mainEntityOfPage":{"@id":"https:\/\/nanexa.com\/nanexa-handel-i-nanexa-ab-inleds-17-juni-2015\/"},"wordCount":211,"publisher":{"@id":"https:\/\/nanexa.com\/#organization"},"articleSection":["Nyheter"],"inLanguage":"sv-SE"},{"@type":"WebPage","@id":"https:\/\/nanexa.com\/nanexa-handel-i-nanexa-ab-inleds-17-juni-2015\/","url":"https:\/\/nanexa.com\/nanexa-handel-i-nanexa-ab-inleds-17-juni-2015\/","name":"Nanexa: Handel i Nanexa AB inleds 17 juni 2015 - Nanexa AB","isPartOf":{"@id":"https:\/\/nanexa.com\/#website"},"datePublished":"2015-06-16T15:18:28+00:00","dateModified":"2016-07-04T22:00:11+00:00","breadcrumb":{"@id":"https:\/\/nanexa.com\/nanexa-handel-i-nanexa-ab-inleds-17-juni-2015\/#breadcrumb"},"inLanguage":"sv-SE","potentialAction":[{"@type":"ReadAction","target":["https:\/\/nanexa.com\/nanexa-handel-i-nanexa-ab-inleds-17-juni-2015\/"]}]},{"@type":"BreadcrumbList","@id":"https:\/\/nanexa.com\/nanexa-handel-i-nanexa-ab-inleds-17-juni-2015\/#breadcrumb","itemListElement":[{"@type":"ListItem","position":1,"name":"Hem","item":"https:\/\/nanexa.com\/sv\/"},{"@type":"ListItem","position":2,"name":"Nanexa: Handel i Nanexa AB inleds 17 juni 2015"}]},{"@type":"WebSite","@id":"https:\/\/nanexa.com\/#website","url":"https:\/\/nanexa.com\/","name":"Nanexa AB","description":"","publisher":{"@id":"https:\/\/nanexa.com\/#organization"},"potentialAction":[{"@type":"SearchAction","target":{"@type":"EntryPoint","urlTemplate":"https:\/\/nanexa.com\/?s={search_term_string}"},"query-input":{"@type":"PropertyValueSpecification","valueRequired":true,"valueName":"search_term_string"}}],"inLanguage":"sv-SE"},{"@type":"Organization","@id":"https:\/\/nanexa.com\/#organization","name":"Nanexa AB","url":"https:\/\/nanexa.com\/","logo":{"@type":"ImageObject","inLanguage":"sv-SE","@id":"https:\/\/nanexa.com\/#\/schema\/logo\/image\/","url":"https:\/\/nanexa.com\/wp-content\/uploads\/2015\/04\/nanexa-logo.png","contentUrl":"https:\/\/nanexa.com\/wp-content\/uploads\/2015\/04\/nanexa-logo.png","width":165,"height":50,"caption":"Nanexa AB"},"image":{"@id":"https:\/\/nanexa.com\/#\/schema\/logo\/image\/"}}]}},"_links":{"self":[{"href":"https:\/\/nanexa.com\/sv\/wp-json\/wp\/v2\/posts\/489","targetHints":{"allow":["GET"]}}],"collection":[{"href":"https:\/\/nanexa.com\/sv\/wp-json\/wp\/v2\/posts"}],"about":[{"href":"https:\/\/nanexa.com\/sv\/wp-json\/wp\/v2\/types\/post"}],"replies":[{"embeddable":true,"href":"https:\/\/nanexa.com\/sv\/wp-json\/wp\/v2\/comments?post=489"}],"version-history":[{"count":3,"href":"https:\/\/nanexa.com\/sv\/wp-json\/wp\/v2\/posts\/489\/revisions"}],"predecessor-version":[{"id":541,"href":"https:\/\/nanexa.com\/sv\/wp-json\/wp\/v2\/posts\/489\/revisions\/541"}],"wp:attachment":[{"href":"https:\/\/nanexa.com\/sv\/wp-json\/wp\/v2\/media?parent=489"}],"wp:term":[{"taxonomy":"category","embeddable":true,"href":"https:\/\/nanexa.com\/sv\/wp-json\/wp\/v2\/categories?post=489"},{"taxonomy":"post_tag","embeddable":true,"href":"https:\/\/nanexa.com\/sv\/wp-json\/wp\/v2\/tags?post=489"}],"curies":[{"name":"wp","href":"https:\/\/api.w.org\/{rel}","templated":true}]}}