{"id":570,"date":"2016-02-25T11:49:54","date_gmt":"2016-02-25T10:49:54","guid":{"rendered":"http:\/\/www.nanexa.com\/nanexa-bokslutskommunike-2015\/"},"modified":"2016-11-16T00:00:12","modified_gmt":"2016-11-15T23:00:12","slug":"nanexa-bokslutskommunike-2015","status":"publish","type":"post","link":"https:\/\/nanexa.com\/sv\/nanexa-bokslutskommunike-2015\/","title":{"rendered":"Nanexa: Bokslutskommunik\u00e9 2015"},"content":{"rendered":"<p style=\"font-family: arial, helvetica, sans-serif;\">\n<p style=\"font-family: arial, helvetica, sans-serif;\"><span style=\"font-size: 10pt;\"><strong>Sammanfattning av rapportperioden 1 oktober &#8211; 31 december 2015<\/strong><\/span><\/p>\n<p style=\"font-family: arial, helvetica, sans-serif;\">\n<ul style=\"font-family: arial, helvetica, sans-serif;\">\n<li><span style=\"font-size: 10pt;\">\u00a0Oms\u00e4ttningen uppgick till: 313 (0) KSEK <\/span><\/li>\n<li><span style=\"font-size: 10pt;\">\u00a0R\u00f6relseresultatet (EBIT) uppgick till: &#8211; 1 567 (-61) KSEK\u00a0 <\/span><\/li>\n<li><span style=\"font-size: 10pt;\">\u00a0Resultatet efter skatt uppgick till: &#8211; 1 574 (-66) KSEK<\/span><\/li>\n<li><span style=\"font-size: 10pt;\">\u00a0Resultat per aktie uppgick till: -0,31 (-0,02) SEK<\/span><\/li>\n<li><span style=\"font-size: 10pt;\">\u00a0Periodens kassafl\u00f6de uppgick till: -1 565 (-1) KSEK<\/span><\/li>\n<\/ul>\n<p style=\"font-family: arial, helvetica, sans-serif;\">\n<p style=\"font-family: arial, helvetica, sans-serif;\"><span style=\"font-size: 10pt;\"><strong>Sammanfattning av rapportperioden 1 januari &#8211; 31 december 2015<\/strong><\/span><\/p>\n<p style=\"font-family: arial, helvetica, sans-serif;\">\n<ul style=\"font-family: arial, helvetica, sans-serif;\">\n<li><span style=\"font-size: 10pt;\">\u00a0Oms\u00e4ttningen uppgick till: 659 (0) KSEK <\/span><\/li>\n<li><span style=\"font-size: 10pt;\">\u00a0R\u00f6relseresultatet (EBIT) uppgick till: &#8211; 4 011 (-1 157) KSEK\u00a0 <\/span><\/li>\n<li><span style=\"font-size: 10pt;\">\u00a0Resultatet efter skatt uppgick till: &#8211; 4 126 (-1 162) KSEK<\/span><\/li>\n<li><span style=\"font-size: 10pt;\">\u00a0Resultat per aktie uppgick till: -1,25 (-0,30) SEK<\/span><\/li>\n<li><span style=\"font-size: 10pt;\">\u00a0Periodens kassafl\u00f6de uppgick till: 3 287 (-312) KSEK<\/span><\/li>\n<\/ul>\n<p style=\"font-family: arial, helvetica, sans-serif;\">\n<p style=\"font-family: arial, helvetica, sans-serif;\"><span style=\"font-size: 10pt;\"><strong>V\u00e4sentliga h\u00e4ndelser under perioden <\/strong><\/span><\/p>\n<p style=\"font-family: arial, helvetica, sans-serif;\">\n<ul style=\"font-family: arial, helvetica, sans-serif;\">\n<li><span style=\"font-size: 10pt;\">\u00a0Nanexa har deltagit i \u201dBIO-EUROPE&#8221;-m\u00f6tet i M\u00fcnchen 2-4 november <\/span><\/li>\n<li><span style=\"font-size: 10pt;\">\u00a0Nanexa har under november levererat sensorer belagda med Nanexas gasbarri\u00e4r till ett forskningsinstitut i USA. <\/span><\/li>\n<li><span style=\"font-size: 10pt;\">\u00a0Nanexa har tecknat samarbetsavtal med Denny Mahlin p\u00e5 Uppsala universitet som erh\u00e5llit ett bidrag fr\u00e5n VINNOVA f\u00f6r samarbetet med Nanexa.<\/span><\/li>\n<\/ul>\n<p style=\"font-family: arial, helvetica, sans-serif;\">\n<p style=\"font-family: arial, helvetica, sans-serif;\"><span style=\"font-size: 10pt;\"><strong>V\u00e4sentliga h\u00e4ndelser efter periodens utg\u00e5ng <\/strong><\/span><\/p>\n<p style=\"font-family: arial, helvetica, sans-serif;\">\n<ul style=\"font-family: arial, helvetica, sans-serif;\">\n<li><span style=\"font-size: 10pt;\">\u00a0Nanexa har deltagit i konferensen \u201d5th formulation and Bioavailability summit\u201d i Philadelphia , USA.<\/span><\/li>\n<li><span style=\"font-size: 10pt;\">\u00a0I anledning av en accelering av utvecklingen av Bolagets produkter och verksamhet har styrelsen beslutat att, i samarbete med Redeye, anskaffa ytterligare kapital redan under v\u00e5ren.<\/span><\/li>\n<\/ul>\n<p style=\"font-family: arial, helvetica, sans-serif;\">\n<p style=\"font-family: arial, helvetica, sans-serif;\"><span style=\"font-size: 10pt;\"><strong>VD-kommentar<\/strong><\/span><\/p>\n<p style=\"font-family: arial, helvetica, sans-serif;\">\n<p style=\"font-family: arial, helvetica, sans-serif;\"><span style=\"font-size: 10pt;\">\u00c5ret som g\u00e5tt har varit ett mycket bra \u00e5r f\u00f6r Nanexa. Verksamheten har utvecklats positivt sedan noteringen p\u00e5 AktieTorget d\u00e5 den givit oss resurser att accelerera utvecklingsarbetet och att arbeta mer systematiskt och effektivt med vidareutveckling av PharmaShell\u00ae bl.a. f\u00f6r fler l\u00e4kemedelssubstanser. Detta har lett till att vi nu har en f\u00f6rb\u00e4ttrad process, samt att vi har identifierat m\u00f6jligheter till nya patent. Vi har d\u00e4rf\u00f6r initierat skrivandet av nya patentans\u00f6kningar som kommer att st\u00e4rka v\u00e5r befintliga patentportf\u00f6lj. Vi har ocks\u00e5 f\u00e5tt in en ny amerikansk kund f\u00f6r v\u00e5r diffusionsbarri\u00e4r avseende ytbel\u00e4ggning av sensorer, vilket bekr\u00e4ftar styrkan hos tekniken. <\/span><\/p>\n<p style=\"font-family: arial, helvetica, sans-serif;\">\n<p style=\"font-family: arial, helvetica, sans-serif;\"><span style=\"font-size: 10pt;\">Det under h\u00f6sten initierade samarbetet med l\u00e4kemedelsforskare vid Uppsala universitet \u00e4r ocks\u00e5 mycket positivt f\u00f6r utvecklingen av PharmaShell\u00ae. Det inneb\u00e4r <\/span><\/p>\n<p style=\"font-family: arial, helvetica, sans-serif;\">\n<p style=\"font-family: arial, helvetica, sans-serif;\"><span style=\"font-size: 10pt;\">bl.a. att vi f\u00e5r m\u00f6jlighet att p\u00e5visa viktiga specifika egenskaper av PharmaShell\u00ae. Vi ser redan att \u00e4ven detta samarbete genererar ett antal nya patentm\u00f6jligheter och dessutom vetenskapliga artiklar. Nanexa \u00e4ger enligt samarbetsavtalet all r\u00e4tt till patentering. <\/span><\/p>\n<p style=\"font-family: arial, helvetica, sans-serif;\">\n<p style=\"font-family: arial, helvetica, sans-serif;\"><span style=\"font-size: 10pt;\">Samarbetet med AstraZeneca fortg\u00e5r med of\u00f6rminskad styrka och vi r\u00e4knar med att inom kort kunna g\u00e5 in i ett mer aktivt skede med de tester som AstraZeneca utf\u00f6r, och som kommer leda till att de studerar PharmaShell\u00ae i en djurstudie. \u00a0<\/span><\/p>\n<p style=\"font-family: arial, helvetica, sans-serif;\">\n<p style=\"font-family: arial, helvetica, sans-serif;\"><span style=\"font-size: 10pt;\">F\u00f6rutom den rent tekniska utvecklingen har h\u00f6stens m\u00f6ten med potentiella samarbetspartners st\u00e4rkt min redan positiva uppfattning att PharmaShell\u00ae har en stor potential som \u201ddrug delivery\u201d-plattform. Jag har f\u00e5tt bekr\u00e4ftat att PharmaShells\u00ae egenskaper \u00e4r h\u00f6gintressanta f\u00f6r de globala l\u00e4kemedelsf\u00f6retagen. I de samtal jag haft \u00e4r det ocks\u00e5 tydligt att det finns ett behov av att ytterligare verifiera och dokumentera PharmaShell\u00ae in-vitro och in-vivo f\u00f6r att st\u00e4rka v\u00e5r position. Jag \u00e4r d\u00e4rf\u00f6r v\u00e4ldigt glad \u00f6ver det samarbete vi har med Uppsala universitet som bl.a. kommer bidra med den typ av verifiering som efterfr\u00e5gas. <\/span><\/p>\n<p style=\"font-family: arial, helvetica, sans-serif;\">\n<p style=\"font-family: arial, helvetica, sans-serif;\"><span style=\"font-size: 10pt;\">F\u00f6r v\u00e5r antifungala ytbel\u00e4ggning \u00a0f\u00f6rhandlar vi f\u00f6r n\u00e4rvarande ett utv\u00e4rderingsavtal med ett svenskt medicintekniskt f\u00f6retag. Vi r\u00e4knar med att slutf\u00f6ra f\u00f6rhandlingen och signera ett avtal inom f\u00f6rsta halv\u00e5ret. \u00a0<\/span><\/p>\n<p style=\"font-family: arial, helvetica, sans-serif;\">\n<p style=\"font-family: arial, helvetica, sans-serif;\"><span style=\"font-size: 10pt;\">St\u00e4rkta av h\u00f6stens utveckling och den positiva respons vi erh\u00e5llit fr\u00e5n potentiella partners har vi planerat f\u00f6r att accelerera verksamheten ytterligare. <\/span><\/p>\n<p style=\"font-family: arial, helvetica, sans-serif;\">\n<p style=\"font-family: arial, helvetica, sans-serif;\"><span style=\"font-size: 10pt;\">Vidare kommer vi att utveckla v\u00e5ra aff\u00e4rsaktiviteter f\u00f6r att sprida k\u00e4nnedom och kunskap om Nanexa och PharmaShell\u00ae. Detta f\u00f6r att skapa ytterligare samarbeten i syfte att n\u00e5 tre kommersiella avtal senast \u00e5r 2018.<\/span><\/p>\n<p style=\"font-family: arial, helvetica, sans-serif;\">\n<p style=\"font-family: arial, helvetica, sans-serif;\"><span style=\"font-size: 10pt;\">David Westberg, VD<strong><\/strong><\/span><\/p>\n<p style=\"font-family: arial, helvetica, sans-serif;\">\n<p style=\"font-family: arial, helvetica, sans-serif;\"><span style=\"font-size: 10pt;\"><strong>Kommentarer till resultatet och bolagets finansiella st\u00e4llning<\/strong><\/span><\/p>\n<p style=\"font-family: arial, helvetica, sans-serif;\">\n<p style=\"font-family: arial, helvetica, sans-serif;\"><span style=\"font-size: 10pt;\">Som framg\u00e5r av balansr\u00e4kningen uppg\u00e5r bolagets likvida medel till cirka 3,3 mkr. De tillg\u00e4ngliga medlen \u00e4r i nul\u00e4get inte tillr\u00e4ckliga f\u00f6r att finansiera bolagets verksamhet \u00e5ret ut. Styrelsen arbetar f\u00f6r n\u00e4rvarande med att s\u00e4kra Bolagets l\u00e5ngsiktiga finansiering. Bolaget har tecknat avtal med en finansiell r\u00e5dgivare, Redeye, och r\u00e4knar med att ha finansieringen p\u00e5 plats under v\u00e5ren. Sk\u00e4len till att finansiering beh\u00f6ver anskaffas n\u00e5got tidigare \u00e4n vad som kommunicerats \u00e4r vissa kostnads\u00f6kningar som har sin grund i en accelererad produkt- och aff\u00e4rsutveckling. <\/span><\/p>\n<p style=\"font-family: arial, helvetica, sans-serif;\">\n<p style=\"font-family: arial, helvetica, sans-serif;\"><span style=\"font-size: 10pt;\"><strong>Aktien<\/strong><strong><br \/> <\/strong><\/span><\/p>\n<p style=\"font-family: arial, helvetica, sans-serif;\">\n<p style=\"font-family: arial, helvetica, sans-serif;\"><span style=\"font-size: 10pt;\">Nanexa AB (publ) noterades p\u00e5 Aktietorget den 17 juni, 2015.<\/span><\/p>\n<p style=\"font-family: arial, helvetica, sans-serif;\">\n<p style=\"font-family: arial, helvetica, sans-serif;\"><span style=\"font-size: 10pt;\"><strong>Resultat per aktie <\/strong><\/span><\/p>\n<p style=\"font-family: arial, helvetica, sans-serif;\">\n<p style=\"font-family: arial, helvetica, sans-serif;\"><span style=\"font-size: 10pt;\">Resultat per aktie f\u00f6r det fj\u00e4rde kvartalet uppgick till -0,31 (-0,02) SEK och f\u00f6r perioden 1 januari \u2013 31 december 2015 till -1,25 (-0,30) SEK.<\/p>\n<p> <\/span><\/p>\n<p style=\"font-family: arial, helvetica, sans-serif;\">\n<p style=\"font-family: arial, helvetica, sans-serif;\"><span style=\"font-size: 10pt;\"><strong>Antalet aktier<\/strong><\/span><\/p>\n<p style=\"font-family: arial, helvetica, sans-serif;\">\n<p style=\"font-family: arial, helvetica, sans-serif;\"><span style=\"font-size: 10pt;\">Nanexa AB (publ) har per 2015-12-31 5\u00a0073\u00a0289 stycken utest\u00e5ende aktier med ett kvotv\u00e4rde om 0,13 SEK.<\/span><\/p>\n<p style=\"font-family: arial, helvetica, sans-serif;\">\n<p style=\"font-family: arial, helvetica, sans-serif;\"><span style=\"font-size: 10pt;\"><strong>Principer f\u00f6r rapportens uppr\u00e4ttande <\/strong><\/span><\/p>\n<p style=\"font-family: arial, helvetica, sans-serif;\">\n<p style=\"font-family: arial, helvetica, sans-serif;\"><span style=\"font-size: 10pt;\">Bokslutskommunik\u00e9n har uppr\u00e4ttats enligt samma redovisningsprinciper som i bolagets senaste \u00e5rsredovisning, det vill s\u00e4ga enligt \u00c5rsredovisningslagen och Bokf\u00f6ringsn\u00e4mndens allm\u00e4nna r\u00e5d BFNAR 2012:1 \u00c5rsredovisning och koncernredovisning (K3). De, i rapporten, presenterade j\u00e4mf\u00f6relsesiffrorna avser den legala enheten som nu utg\u00f6r Nanexa AB. <\/span><\/p>\n<p style=\"font-family: arial, helvetica, sans-serif;\">\n<p style=\"font-family: arial, helvetica, sans-serif;\"><span style=\"font-size: 10pt;\"><strong>Kommande rapporttillf\u00e4llen<\/strong><\/span><\/p>\n<p style=\"font-family: arial, helvetica, sans-serif;\">\n<p style=\"font-family: arial, helvetica, sans-serif;\"><span style=\"font-size: 10pt;\">Nanexa AB l\u00e4mnar \u00e5terkommande ekonomisk information enligt f\u00f6ljande plan. <\/span><\/p>\n<p style=\"font-family: arial, helvetica, sans-serif;\">\n<p style=\"font-family: arial, helvetica, sans-serif;\"><span style=\"font-size: 10pt;\">Bolagets r\u00e4kenskaps\u00e5r \u00e4r 1 januari \u2013 31 december.<\/span><\/p>\n<p style=\"font-family: arial, helvetica, sans-serif;\">\n<p style=\"font-family: arial, helvetica, sans-serif;\"><span style=\"font-size: 10pt;\">\u00c5rsredovisning 2015 \u00a0 \u00a0 \u00a0 \u00a0 \u00a0 \u00a0 \u00a0 \u00a0 \u00a0 7 april, 2016<\/span><\/p>\n<p style=\"font-family: arial, helvetica, sans-serif;\">\n<p style=\"font-family: arial, helvetica, sans-serif;\"><span style=\"font-size: 10pt;\">Del\u00e5rsrapport Q1 2016\u00a0\u00a0\u00a0\u00a0\u00a0\u00a0\u00a0\u00a0\u00a0\u00a0\u00a0\u00a0\u00a0\u00a0 17 maj, 2016<\/span><\/p>\n<p style=\"font-family: arial, helvetica, sans-serif;\">\n<p style=\"font-family: arial, helvetica, sans-serif;\"><span style=\"font-size: 10pt;\">Ordinarie \u00e5rsst\u00e4mma \u00a0 \u00a0 \u00a0 \u00a0 \u00a0 \u00a0 \u00a0 \u00a0 \u00a026 maj, 2016 <\/span><\/p>\n<p style=\"font-family: arial, helvetica, sans-serif;\">\n<p style=\"font-family: arial, helvetica, sans-serif;\"><span style=\"font-size: 10pt;\">Del\u00e5rsrapport Q2 2016 \u00a0 \u00a0 \u00a0 \u00a0 \u00a0 \u00a0 \u00a0 \u00a017 augusti, 2016<\/span><\/p>\n<p style=\"font-family: arial, helvetica, sans-serif;\">\n<p style=\"font-family: arial, helvetica, sans-serif;\"><span style=\"font-size: 10pt;\">Del\u00e5rsrapport Q3 2016\u00a0 \u00a0\u00a0\u00a0\u00a0\u00a0\u00a0\u00a0\u00a0\u00a0\u00a0\u00a0\u00a0 16 november, 2016 <\/span><\/p>\n<p style=\"font-family: arial, helvetica, sans-serif;\">\n<p style=\"font-family: arial, helvetica, sans-serif;\"><span style=\"font-size: 10pt;\">Bokslutskommunik\u00e9 2016 \u00a0 \u00a0 \u00a0 \u00a0 \u00a0 22 februari, 2017 <\/span><\/p>\n<p style=\"font-family: arial, helvetica, sans-serif;\">\n<p style=\"font-family: arial, helvetica, sans-serif;\"><span style=\"font-size: 10pt;\">Styrelsen f\u00f6resl\u00e5r att ingen utdelning sker.\u00a0 <\/span><\/p>\n<p style=\"font-family: arial, helvetica, sans-serif;\">\n<p style=\"font-family: arial, helvetica, sans-serif;\"><span style=\"font-size: 10pt;\">Denna del\u00e5rsrapport har inte varit f\u00f6rem\u00e5l f\u00f6r \u00f6versiktlig granskning av bolagets revisor.<\/span><\/p>\n","protected":false},"excerpt":{"rendered":"<p style=\"font-family: arial, helvetica, sans-serif;\">\n<p style=\"font-family: arial, helvetica, sans-serif;\">Sammanfattning av rapportperioden 1 oktober &#8211; 31 december 2015<\/p>\n<p style=\"font-family: arial, helvetica, sans-serif;\">\n<ul style=\"font-family: arial, helvetica, sans-serif;\">\n<li>\u00a0Oms\u00e4ttningen uppgick till: 313 (0) KSEK <\/li>\n<li>\u00a0R\u00f6relseresultatet (EBIT) uppgick till: &#8211; 1 567 (-61) KSEK\u00a0 <\/li>\n<li>\u00a0Resultatet efter skatt uppgick till: &#8211;<\/li>\n<\/ul>\n<p><a class=\"read-more\" href=\"https:\/\/nanexa.com\/sv\/nanexa-bokslutskommunike-2015\/\">L\u00e4s mer<\/a><\/p>\n","protected":false},"author":0,"featured_media":0,"comment_status":"closed","ping_status":"open","sticky":false,"template":"","format":"standard","meta":{"_acf_changed":false,"footnotes":""},"categories":[7],"tags":[],"class_list":["post-570","post","type-post","status-publish","format-standard","hentry","category-nyheter"],"acf":[],"yoast_head":"<!-- This site is optimized with the Yoast SEO plugin v27.5 - https:\/\/yoast.com\/product\/yoast-seo-wordpress\/ -->\n<title>Nanexa: Bokslutskommunik\u00e9 2015 - Nanexa AB<\/title>\n<meta name=\"robots\" content=\"index, follow, max-snippet:-1, max-image-preview:large, max-video-preview:-1\" \/>\n<link rel=\"canonical\" href=\"https:\/\/nanexa.com\/nanexa-bokslutskommunike-2015\/\" \/>\n<meta property=\"og:locale\" content=\"sv_SE\" \/>\n<meta property=\"og:type\" content=\"article\" \/>\n<meta property=\"og:title\" content=\"Nanexa: Bokslutskommunik\u00e9 2015 - Nanexa AB\" \/>\n<meta property=\"og:description\" content=\"Sammanfattning av rapportperioden 1 oktober &#8211; 31 december 2015  \u00a0Oms\u00e4ttningen uppgick till: 313 (0) KSEK \u00a0R\u00f6relseresultatet (EBIT) uppgick till: &#8211; 1 567 (-61) KSEK\u00a0 \u00a0Resultatet efter skatt uppgick till: &#8211;L\u00e4s mer\" \/>\n<meta property=\"og:url\" content=\"https:\/\/nanexa.com\/nanexa-bokslutskommunike-2015\/\" \/>\n<meta property=\"og:site_name\" content=\"Nanexa AB\" \/>\n<meta property=\"article:published_time\" content=\"2016-02-25T10:49:54+00:00\" \/>\n<meta property=\"article:modified_time\" content=\"2016-11-15T23:00:12+00:00\" \/>\n<meta name=\"twitter:card\" content=\"summary_large_image\" \/>\n<meta name=\"twitter:label1\" content=\"Ber\u00e4knad l\u00e4stid\" \/>\n\t<meta name=\"twitter:data1\" content=\"5 minuter\" \/>\n<script type=\"application\/ld+json\" class=\"yoast-schema-graph\">{\"@context\":\"https:\\\/\\\/schema.org\",\"@graph\":[{\"@type\":\"Article\",\"@id\":\"https:\\\/\\\/nanexa.com\\\/nanexa-bokslutskommunike-2015\\\/#article\",\"isPartOf\":{\"@id\":\"https:\\\/\\\/nanexa.com\\\/nanexa-bokslutskommunike-2015\\\/\"},\"author\":{\"name\":\"\",\"@id\":\"\"},\"headline\":\"Nanexa: Bokslutskommunik\u00e9 2015\",\"datePublished\":\"2016-02-25T10:49:54+00:00\",\"dateModified\":\"2016-11-15T23:00:12+00:00\",\"mainEntityOfPage\":{\"@id\":\"https:\\\/\\\/nanexa.com\\\/nanexa-bokslutskommunike-2015\\\/\"},\"wordCount\":920,\"publisher\":{\"@id\":\"https:\\\/\\\/nanexa.com\\\/#organization\"},\"articleSection\":[\"Nyheter\"],\"inLanguage\":\"sv-SE\"},{\"@type\":\"WebPage\",\"@id\":\"https:\\\/\\\/nanexa.com\\\/nanexa-bokslutskommunike-2015\\\/\",\"url\":\"https:\\\/\\\/nanexa.com\\\/nanexa-bokslutskommunike-2015\\\/\",\"name\":\"Nanexa: Bokslutskommunik\u00e9 2015 - Nanexa AB\",\"isPartOf\":{\"@id\":\"https:\\\/\\\/nanexa.com\\\/#website\"},\"datePublished\":\"2016-02-25T10:49:54+00:00\",\"dateModified\":\"2016-11-15T23:00:12+00:00\",\"breadcrumb\":{\"@id\":\"https:\\\/\\\/nanexa.com\\\/nanexa-bokslutskommunike-2015\\\/#breadcrumb\"},\"inLanguage\":\"sv-SE\",\"potentialAction\":[{\"@type\":\"ReadAction\",\"target\":[\"https:\\\/\\\/nanexa.com\\\/nanexa-bokslutskommunike-2015\\\/\"]}]},{\"@type\":\"BreadcrumbList\",\"@id\":\"https:\\\/\\\/nanexa.com\\\/nanexa-bokslutskommunike-2015\\\/#breadcrumb\",\"itemListElement\":[{\"@type\":\"ListItem\",\"position\":1,\"name\":\"Hem\",\"item\":\"https:\\\/\\\/nanexa.com\\\/sv\\\/\"},{\"@type\":\"ListItem\",\"position\":2,\"name\":\"Nanexa: Bokslutskommunik\u00e9 2015\"}]},{\"@type\":\"WebSite\",\"@id\":\"https:\\\/\\\/nanexa.com\\\/#website\",\"url\":\"https:\\\/\\\/nanexa.com\\\/\",\"name\":\"Nanexa AB\",\"description\":\"\",\"publisher\":{\"@id\":\"https:\\\/\\\/nanexa.com\\\/#organization\"},\"potentialAction\":[{\"@type\":\"SearchAction\",\"target\":{\"@type\":\"EntryPoint\",\"urlTemplate\":\"https:\\\/\\\/nanexa.com\\\/?s={search_term_string}\"},\"query-input\":{\"@type\":\"PropertyValueSpecification\",\"valueRequired\":true,\"valueName\":\"search_term_string\"}}],\"inLanguage\":\"sv-SE\"},{\"@type\":\"Organization\",\"@id\":\"https:\\\/\\\/nanexa.com\\\/#organization\",\"name\":\"Nanexa AB\",\"url\":\"https:\\\/\\\/nanexa.com\\\/\",\"logo\":{\"@type\":\"ImageObject\",\"inLanguage\":\"sv-SE\",\"@id\":\"https:\\\/\\\/nanexa.com\\\/#\\\/schema\\\/logo\\\/image\\\/\",\"url\":\"https:\\\/\\\/nanexa.com\\\/wp-content\\\/uploads\\\/2015\\\/04\\\/nanexa-logo.png\",\"contentUrl\":\"https:\\\/\\\/nanexa.com\\\/wp-content\\\/uploads\\\/2015\\\/04\\\/nanexa-logo.png\",\"width\":165,\"height\":50,\"caption\":\"Nanexa AB\"},\"image\":{\"@id\":\"https:\\\/\\\/nanexa.com\\\/#\\\/schema\\\/logo\\\/image\\\/\"}}]}<\/script>\n<!-- \/ Yoast SEO plugin. -->","yoast_head_json":{"title":"Nanexa: Bokslutskommunik\u00e9 2015 - Nanexa AB","robots":{"index":"index","follow":"follow","max-snippet":"max-snippet:-1","max-image-preview":"max-image-preview:large","max-video-preview":"max-video-preview:-1"},"canonical":"https:\/\/nanexa.com\/nanexa-bokslutskommunike-2015\/","og_locale":"sv_SE","og_type":"article","og_title":"Nanexa: Bokslutskommunik\u00e9 2015 - Nanexa AB","og_description":"Sammanfattning av rapportperioden 1 oktober &#8211; 31 december 2015  \u00a0Oms\u00e4ttningen uppgick till: 313 (0) KSEK \u00a0R\u00f6relseresultatet (EBIT) uppgick till: &#8211; 1 567 (-61) KSEK\u00a0 \u00a0Resultatet efter skatt uppgick till: &#8211;L\u00e4s mer","og_url":"https:\/\/nanexa.com\/nanexa-bokslutskommunike-2015\/","og_site_name":"Nanexa AB","article_published_time":"2016-02-25T10:49:54+00:00","article_modified_time":"2016-11-15T23:00:12+00:00","twitter_card":"summary_large_image","twitter_misc":{"Ber\u00e4knad l\u00e4stid":"5 minuter"},"schema":{"@context":"https:\/\/schema.org","@graph":[{"@type":"Article","@id":"https:\/\/nanexa.com\/nanexa-bokslutskommunike-2015\/#article","isPartOf":{"@id":"https:\/\/nanexa.com\/nanexa-bokslutskommunike-2015\/"},"author":{"name":"","@id":""},"headline":"Nanexa: Bokslutskommunik\u00e9 2015","datePublished":"2016-02-25T10:49:54+00:00","dateModified":"2016-11-15T23:00:12+00:00","mainEntityOfPage":{"@id":"https:\/\/nanexa.com\/nanexa-bokslutskommunike-2015\/"},"wordCount":920,"publisher":{"@id":"https:\/\/nanexa.com\/#organization"},"articleSection":["Nyheter"],"inLanguage":"sv-SE"},{"@type":"WebPage","@id":"https:\/\/nanexa.com\/nanexa-bokslutskommunike-2015\/","url":"https:\/\/nanexa.com\/nanexa-bokslutskommunike-2015\/","name":"Nanexa: Bokslutskommunik\u00e9 2015 - Nanexa AB","isPartOf":{"@id":"https:\/\/nanexa.com\/#website"},"datePublished":"2016-02-25T10:49:54+00:00","dateModified":"2016-11-15T23:00:12+00:00","breadcrumb":{"@id":"https:\/\/nanexa.com\/nanexa-bokslutskommunike-2015\/#breadcrumb"},"inLanguage":"sv-SE","potentialAction":[{"@type":"ReadAction","target":["https:\/\/nanexa.com\/nanexa-bokslutskommunike-2015\/"]}]},{"@type":"BreadcrumbList","@id":"https:\/\/nanexa.com\/nanexa-bokslutskommunike-2015\/#breadcrumb","itemListElement":[{"@type":"ListItem","position":1,"name":"Hem","item":"https:\/\/nanexa.com\/sv\/"},{"@type":"ListItem","position":2,"name":"Nanexa: Bokslutskommunik\u00e9 2015"}]},{"@type":"WebSite","@id":"https:\/\/nanexa.com\/#website","url":"https:\/\/nanexa.com\/","name":"Nanexa AB","description":"","publisher":{"@id":"https:\/\/nanexa.com\/#organization"},"potentialAction":[{"@type":"SearchAction","target":{"@type":"EntryPoint","urlTemplate":"https:\/\/nanexa.com\/?s={search_term_string}"},"query-input":{"@type":"PropertyValueSpecification","valueRequired":true,"valueName":"search_term_string"}}],"inLanguage":"sv-SE"},{"@type":"Organization","@id":"https:\/\/nanexa.com\/#organization","name":"Nanexa AB","url":"https:\/\/nanexa.com\/","logo":{"@type":"ImageObject","inLanguage":"sv-SE","@id":"https:\/\/nanexa.com\/#\/schema\/logo\/image\/","url":"https:\/\/nanexa.com\/wp-content\/uploads\/2015\/04\/nanexa-logo.png","contentUrl":"https:\/\/nanexa.com\/wp-content\/uploads\/2015\/04\/nanexa-logo.png","width":165,"height":50,"caption":"Nanexa AB"},"image":{"@id":"https:\/\/nanexa.com\/#\/schema\/logo\/image\/"}}]}},"_links":{"self":[{"href":"https:\/\/nanexa.com\/sv\/wp-json\/wp\/v2\/posts\/570","targetHints":{"allow":["GET"]}}],"collection":[{"href":"https:\/\/nanexa.com\/sv\/wp-json\/wp\/v2\/posts"}],"about":[{"href":"https:\/\/nanexa.com\/sv\/wp-json\/wp\/v2\/types\/post"}],"replies":[{"embeddable":true,"href":"https:\/\/nanexa.com\/sv\/wp-json\/wp\/v2\/comments?post=570"}],"version-history":[{"count":10,"href":"https:\/\/nanexa.com\/sv\/wp-json\/wp\/v2\/posts\/570\/revisions"}],"predecessor-version":[{"id":664,"href":"https:\/\/nanexa.com\/sv\/wp-json\/wp\/v2\/posts\/570\/revisions\/664"}],"wp:attachment":[{"href":"https:\/\/nanexa.com\/sv\/wp-json\/wp\/v2\/media?parent=570"}],"wp:term":[{"taxonomy":"category","embeddable":true,"href":"https:\/\/nanexa.com\/sv\/wp-json\/wp\/v2\/categories?post=570"},{"taxonomy":"post_tag","embeddable":true,"href":"https:\/\/nanexa.com\/sv\/wp-json\/wp\/v2\/tags?post=570"}],"curies":[{"name":"wp","href":"https:\/\/api.w.org\/{rel}","templated":true}]}}