{"id":744,"date":"2017-03-13T16:10:34","date_gmt":"2017-03-13T15:10:34","guid":{"rendered":"http:\/\/www.nanexa.com\/?p=744"},"modified":"2017-03-13T16:11:15","modified_gmt":"2017-03-13T15:11:15","slug":"744","status":"publish","type":"post","link":"https:\/\/nanexa.com\/sv\/744\/","title":{"rendered":"Nanexa deltar i tv\u00e5 konferenser under mars"},"content":{"rendered":"<p><em>Nanexa bes\u00f6ker tv\u00e5 internationella konferenser den n\u00e4rmaste tiden. <\/em><\/p>\n<p>Den f\u00f6rsta \u00e4r \u201dBIO-EUROPE Spring\u201d, en s\u00e5 kallad<em> partneringkonferens<\/em> som \u00e4ger rum i Barcelona, Spanien den 22-23 mars 2017. Information om konferensen hittar ni h\u00e4r: <a href=\"https:\/\/ebdgroup.knect365.com\/bioeurope-spring\/\">https:\/\/ebdgroup.knect365.com\/bioeurope-spring\/<\/a><\/p>\n<p>Den andra konferensen \u00e4r 8th Global Drug Delivery and Formulation Summit som \u00e4r en mer vetenskaplig konferens med fokus p\u00e5 produktutveckling och som \u00e4ger rum i Berlin, Tyskland den 27-29 mars 2017. Information om konferensen hittar ni h\u00e4r: <a href=\"http:\/\/www.ddfevent.com\">http:\/\/www.ddfevent.com<\/a><\/p>\n<p>P\u00e5 b\u00e5da konferenserna deltar ett stort antal av de v\u00e4rldsledande l\u00e4kemedelsf\u00f6retagen, vilka \u00e4r viktiga potentiella partners f\u00f6r Nanexa.<\/p>\n<p>Ladda ner nyhetsbrevet <a href=\"http:\/\/www.nanexa.com\/wp-content\/uploads\/2017\/03\/NB-Nanexa-170313.pdf\">h\u00e4r<\/a>.<\/p>\n","protected":false},"excerpt":{"rendered":"<p><em>Nanexa bes\u00f6ker tv\u00e5 internationella konferenser den n\u00e4rmaste tiden. <\/em><\/p>\n<p>Den f\u00f6rsta \u00e4r \u201dBIO-EUROPE Spring\u201d, en s\u00e5 kallad<em> partneringkonferens<\/em> som \u00e4ger rum i Barcelona,<\/p>\n<p><a class=\"read-more\" href=\"https:\/\/nanexa.com\/sv\/744\/\">L\u00e4s mer<\/a><\/p>\n","protected":false},"author":2,"featured_media":0,"comment_status":"closed","ping_status":"open","sticky":false,"template":"","format":"standard","meta":{"_acf_changed":false,"footnotes":""},"categories":[7],"tags":[],"class_list":["post-744","post","type-post","status-publish","format-standard","hentry","category-nyheter"],"acf":[],"yoast_head":"<!-- This site is optimized with the Yoast SEO plugin v27.4 - https:\/\/yoast.com\/product\/yoast-seo-wordpress\/ -->\n<title>Nanexa deltar i tv\u00e5 konferenser under mars - Nanexa AB<\/title>\n<meta name=\"robots\" content=\"index, follow, max-snippet:-1, max-image-preview:large, max-video-preview:-1\" \/>\n<link rel=\"canonical\" href=\"https:\/\/nanexa.com\/744\/\" \/>\n<meta property=\"og:locale\" content=\"sv_SE\" \/>\n<meta property=\"og:type\" content=\"article\" \/>\n<meta property=\"og:title\" content=\"Nanexa deltar i tv\u00e5 konferenser under mars - Nanexa AB\" \/>\n<meta property=\"og:description\" content=\"Nanexa bes\u00f6ker tv\u00e5 internationella konferenser den n\u00e4rmaste tiden. Den f\u00f6rsta \u00e4r \u201dBIO-EUROPE Spring\u201d, en s\u00e5 kallad partneringkonferens som \u00e4ger rum i Barcelona,L\u00e4s mer\" \/>\n<meta property=\"og:url\" content=\"https:\/\/nanexa.com\/744\/\" \/>\n<meta property=\"og:site_name\" content=\"Nanexa AB\" \/>\n<meta property=\"article:published_time\" content=\"2017-03-13T15:10:34+00:00\" \/>\n<meta property=\"article:modified_time\" content=\"2017-03-13T15:11:15+00:00\" \/>\n<meta name=\"author\" content=\"Anders Johansson\" \/>\n<meta name=\"twitter:card\" content=\"summary_large_image\" \/>\n<meta name=\"twitter:label1\" content=\"Skriven av\" \/>\n\t<meta name=\"twitter:data1\" content=\"Anders Johansson\" \/>\n\t<meta name=\"twitter:label2\" content=\"Ber\u00e4knad l\u00e4stid\" \/>\n\t<meta name=\"twitter:data2\" content=\"1 minut\" \/>\n<script type=\"application\/ld+json\" class=\"yoast-schema-graph\">{\"@context\":\"https:\\\/\\\/schema.org\",\"@graph\":[{\"@type\":\"Article\",\"@id\":\"https:\\\/\\\/nanexa.com\\\/744\\\/#article\",\"isPartOf\":{\"@id\":\"https:\\\/\\\/nanexa.com\\\/744\\\/\"},\"author\":{\"name\":\"Anders Johansson\",\"@id\":\"https:\\\/\\\/nanexa.com\\\/#\\\/schema\\\/person\\\/d26735c022a71d41737953c23a07692a\"},\"headline\":\"Nanexa deltar i tv\u00e5 konferenser under mars\",\"datePublished\":\"2017-03-13T15:10:34+00:00\",\"dateModified\":\"2017-03-13T15:11:15+00:00\",\"mainEntityOfPage\":{\"@id\":\"https:\\\/\\\/nanexa.com\\\/744\\\/\"},\"wordCount\":118,\"publisher\":{\"@id\":\"https:\\\/\\\/nanexa.com\\\/#organization\"},\"articleSection\":[\"Nyheter\"],\"inLanguage\":\"sv-SE\"},{\"@type\":\"WebPage\",\"@id\":\"https:\\\/\\\/nanexa.com\\\/744\\\/\",\"url\":\"https:\\\/\\\/nanexa.com\\\/744\\\/\",\"name\":\"Nanexa deltar i tv\u00e5 konferenser under mars - Nanexa AB\",\"isPartOf\":{\"@id\":\"https:\\\/\\\/nanexa.com\\\/#website\"},\"datePublished\":\"2017-03-13T15:10:34+00:00\",\"dateModified\":\"2017-03-13T15:11:15+00:00\",\"breadcrumb\":{\"@id\":\"https:\\\/\\\/nanexa.com\\\/744\\\/#breadcrumb\"},\"inLanguage\":\"sv-SE\",\"potentialAction\":[{\"@type\":\"ReadAction\",\"target\":[\"https:\\\/\\\/nanexa.com\\\/744\\\/\"]}]},{\"@type\":\"BreadcrumbList\",\"@id\":\"https:\\\/\\\/nanexa.com\\\/744\\\/#breadcrumb\",\"itemListElement\":[{\"@type\":\"ListItem\",\"position\":1,\"name\":\"Hem\",\"item\":\"https:\\\/\\\/nanexa.com\\\/sv\\\/\"},{\"@type\":\"ListItem\",\"position\":2,\"name\":\"Nanexa deltar i tv\u00e5 konferenser under mars\"}]},{\"@type\":\"WebSite\",\"@id\":\"https:\\\/\\\/nanexa.com\\\/#website\",\"url\":\"https:\\\/\\\/nanexa.com\\\/\",\"name\":\"Nanexa AB\",\"description\":\"\",\"publisher\":{\"@id\":\"https:\\\/\\\/nanexa.com\\\/#organization\"},\"potentialAction\":[{\"@type\":\"SearchAction\",\"target\":{\"@type\":\"EntryPoint\",\"urlTemplate\":\"https:\\\/\\\/nanexa.com\\\/?s={search_term_string}\"},\"query-input\":{\"@type\":\"PropertyValueSpecification\",\"valueRequired\":true,\"valueName\":\"search_term_string\"}}],\"inLanguage\":\"sv-SE\"},{\"@type\":\"Organization\",\"@id\":\"https:\\\/\\\/nanexa.com\\\/#organization\",\"name\":\"Nanexa AB\",\"url\":\"https:\\\/\\\/nanexa.com\\\/\",\"logo\":{\"@type\":\"ImageObject\",\"inLanguage\":\"sv-SE\",\"@id\":\"https:\\\/\\\/nanexa.com\\\/#\\\/schema\\\/logo\\\/image\\\/\",\"url\":\"https:\\\/\\\/nanexa.com\\\/wp-content\\\/uploads\\\/2015\\\/04\\\/nanexa-logo.png\",\"contentUrl\":\"https:\\\/\\\/nanexa.com\\\/wp-content\\\/uploads\\\/2015\\\/04\\\/nanexa-logo.png\",\"width\":165,\"height\":50,\"caption\":\"Nanexa AB\"},\"image\":{\"@id\":\"https:\\\/\\\/nanexa.com\\\/#\\\/schema\\\/logo\\\/image\\\/\"}},{\"@type\":\"Person\",\"@id\":\"https:\\\/\\\/nanexa.com\\\/#\\\/schema\\\/person\\\/d26735c022a71d41737953c23a07692a\",\"name\":\"Anders Johansson\",\"image\":{\"@type\":\"ImageObject\",\"inLanguage\":\"sv-SE\",\"@id\":\"https:\\\/\\\/secure.gravatar.com\\\/avatar\\\/1eee3bf26eba126e14bce6671b99389c3e366b0577f9fa176d41797d92204ff1?s=96&d=mm&r=g\",\"url\":\"https:\\\/\\\/secure.gravatar.com\\\/avatar\\\/1eee3bf26eba126e14bce6671b99389c3e366b0577f9fa176d41797d92204ff1?s=96&d=mm&r=g\",\"contentUrl\":\"https:\\\/\\\/secure.gravatar.com\\\/avatar\\\/1eee3bf26eba126e14bce6671b99389c3e366b0577f9fa176d41797d92204ff1?s=96&d=mm&r=g\",\"caption\":\"Anders Johansson\"},\"url\":\"https:\\\/\\\/nanexa.com\\\/sv\\\/author\\\/anders\\\/\"}]}<\/script>\n<!-- \/ Yoast SEO plugin. -->","yoast_head_json":{"title":"Nanexa deltar i tv\u00e5 konferenser under mars - Nanexa AB","robots":{"index":"index","follow":"follow","max-snippet":"max-snippet:-1","max-image-preview":"max-image-preview:large","max-video-preview":"max-video-preview:-1"},"canonical":"https:\/\/nanexa.com\/744\/","og_locale":"sv_SE","og_type":"article","og_title":"Nanexa deltar i tv\u00e5 konferenser under mars - Nanexa AB","og_description":"Nanexa bes\u00f6ker tv\u00e5 internationella konferenser den n\u00e4rmaste tiden. Den f\u00f6rsta \u00e4r \u201dBIO-EUROPE Spring\u201d, en s\u00e5 kallad partneringkonferens som \u00e4ger rum i Barcelona,L\u00e4s mer","og_url":"https:\/\/nanexa.com\/744\/","og_site_name":"Nanexa AB","article_published_time":"2017-03-13T15:10:34+00:00","article_modified_time":"2017-03-13T15:11:15+00:00","author":"Anders Johansson","twitter_card":"summary_large_image","twitter_misc":{"Skriven av":"Anders Johansson","Ber\u00e4knad l\u00e4stid":"1 minut"},"schema":{"@context":"https:\/\/schema.org","@graph":[{"@type":"Article","@id":"https:\/\/nanexa.com\/744\/#article","isPartOf":{"@id":"https:\/\/nanexa.com\/744\/"},"author":{"name":"Anders Johansson","@id":"https:\/\/nanexa.com\/#\/schema\/person\/d26735c022a71d41737953c23a07692a"},"headline":"Nanexa deltar i tv\u00e5 konferenser under mars","datePublished":"2017-03-13T15:10:34+00:00","dateModified":"2017-03-13T15:11:15+00:00","mainEntityOfPage":{"@id":"https:\/\/nanexa.com\/744\/"},"wordCount":118,"publisher":{"@id":"https:\/\/nanexa.com\/#organization"},"articleSection":["Nyheter"],"inLanguage":"sv-SE"},{"@type":"WebPage","@id":"https:\/\/nanexa.com\/744\/","url":"https:\/\/nanexa.com\/744\/","name":"Nanexa deltar i tv\u00e5 konferenser under mars - Nanexa AB","isPartOf":{"@id":"https:\/\/nanexa.com\/#website"},"datePublished":"2017-03-13T15:10:34+00:00","dateModified":"2017-03-13T15:11:15+00:00","breadcrumb":{"@id":"https:\/\/nanexa.com\/744\/#breadcrumb"},"inLanguage":"sv-SE","potentialAction":[{"@type":"ReadAction","target":["https:\/\/nanexa.com\/744\/"]}]},{"@type":"BreadcrumbList","@id":"https:\/\/nanexa.com\/744\/#breadcrumb","itemListElement":[{"@type":"ListItem","position":1,"name":"Hem","item":"https:\/\/nanexa.com\/sv\/"},{"@type":"ListItem","position":2,"name":"Nanexa deltar i tv\u00e5 konferenser under mars"}]},{"@type":"WebSite","@id":"https:\/\/nanexa.com\/#website","url":"https:\/\/nanexa.com\/","name":"Nanexa AB","description":"","publisher":{"@id":"https:\/\/nanexa.com\/#organization"},"potentialAction":[{"@type":"SearchAction","target":{"@type":"EntryPoint","urlTemplate":"https:\/\/nanexa.com\/?s={search_term_string}"},"query-input":{"@type":"PropertyValueSpecification","valueRequired":true,"valueName":"search_term_string"}}],"inLanguage":"sv-SE"},{"@type":"Organization","@id":"https:\/\/nanexa.com\/#organization","name":"Nanexa AB","url":"https:\/\/nanexa.com\/","logo":{"@type":"ImageObject","inLanguage":"sv-SE","@id":"https:\/\/nanexa.com\/#\/schema\/logo\/image\/","url":"https:\/\/nanexa.com\/wp-content\/uploads\/2015\/04\/nanexa-logo.png","contentUrl":"https:\/\/nanexa.com\/wp-content\/uploads\/2015\/04\/nanexa-logo.png","width":165,"height":50,"caption":"Nanexa AB"},"image":{"@id":"https:\/\/nanexa.com\/#\/schema\/logo\/image\/"}},{"@type":"Person","@id":"https:\/\/nanexa.com\/#\/schema\/person\/d26735c022a71d41737953c23a07692a","name":"Anders Johansson","image":{"@type":"ImageObject","inLanguage":"sv-SE","@id":"https:\/\/secure.gravatar.com\/avatar\/1eee3bf26eba126e14bce6671b99389c3e366b0577f9fa176d41797d92204ff1?s=96&d=mm&r=g","url":"https:\/\/secure.gravatar.com\/avatar\/1eee3bf26eba126e14bce6671b99389c3e366b0577f9fa176d41797d92204ff1?s=96&d=mm&r=g","contentUrl":"https:\/\/secure.gravatar.com\/avatar\/1eee3bf26eba126e14bce6671b99389c3e366b0577f9fa176d41797d92204ff1?s=96&d=mm&r=g","caption":"Anders Johansson"},"url":"https:\/\/nanexa.com\/sv\/author\/anders\/"}]}},"_links":{"self":[{"href":"https:\/\/nanexa.com\/sv\/wp-json\/wp\/v2\/posts\/744","targetHints":{"allow":["GET"]}}],"collection":[{"href":"https:\/\/nanexa.com\/sv\/wp-json\/wp\/v2\/posts"}],"about":[{"href":"https:\/\/nanexa.com\/sv\/wp-json\/wp\/v2\/types\/post"}],"author":[{"embeddable":true,"href":"https:\/\/nanexa.com\/sv\/wp-json\/wp\/v2\/users\/2"}],"replies":[{"embeddable":true,"href":"https:\/\/nanexa.com\/sv\/wp-json\/wp\/v2\/comments?post=744"}],"version-history":[{"count":2,"href":"https:\/\/nanexa.com\/sv\/wp-json\/wp\/v2\/posts\/744\/revisions"}],"predecessor-version":[{"id":746,"href":"https:\/\/nanexa.com\/sv\/wp-json\/wp\/v2\/posts\/744\/revisions\/746"}],"wp:attachment":[{"href":"https:\/\/nanexa.com\/sv\/wp-json\/wp\/v2\/media?parent=744"}],"wp:term":[{"taxonomy":"category","embeddable":true,"href":"https:\/\/nanexa.com\/sv\/wp-json\/wp\/v2\/categories?post=744"},{"taxonomy":"post_tag","embeddable":true,"href":"https:\/\/nanexa.com\/sv\/wp-json\/wp\/v2\/tags?post=744"}],"curies":[{"name":"wp","href":"https:\/\/api.w.org\/{rel}","templated":true}]}}