{"id":748,"date":"2017-03-24T15:51:39","date_gmt":"2017-03-24T14:51:39","guid":{"rendered":"http:\/\/www.nanexa.com\/?p=748"},"modified":"2017-03-24T15:51:39","modified_gmt":"2017-03-24T14:51:39","slug":"nanexa-installerar-ny-utrustning-for-uppskalning-av-processer-och-nyanstaller","status":"publish","type":"post","link":"https:\/\/nanexa.com\/sv\/nanexa-installerar-ny-utrustning-for-uppskalning-av-processer-och-nyanstaller\/","title":{"rendered":"Nanexa installerar ny utrustning f\u00f6r uppskalning av processer och nyanst\u00e4ller"},"content":{"rendered":"<p>Nanexa AB (publ) har nu installerat en pilotskaleanl\u00e4ggning f\u00f6r Atomic Layer Deposition (ALD) i sina lokaler i Uppsala. Pilotskaleanl\u00e4ggningen best\u00e5r av en ny ALD-reaktor som har st\u00f6rre kapacitet \u00e4n den reaktor som redan tidigare finns installerad. Investeringen \u00e4r en viktig kugge i Nanexas strategi att skala upp produktionsprocessen av drug delivery-plattformen PharmaShell<sup>\u00ae<\/sup>. Den andra reaktorn kommer forts\u00e4tta anv\u00e4ndas och Bolaget r\u00e4knar med att kunna \u00f6ka hastigheten i sitt utvecklingsarbete med dessa tv\u00e5 ALD reaktorer i drift. Den nya ALD-reaktorn \u00e4r tillverkad av det finl\u00e4ndska bolaget Picosun Oy, som ocks\u00e5 byggt Nanexas tidigare reaktor.<\/p>\n<p>Nanexa breddar ocks\u00e5 sin interna kompetens genom att anst\u00e4lla Emma M\u00e5rtensson till sin utvecklingsavdelning. Emma \u00e4r apotekare och har arbetat nio \u00e5r med analytisk utveckling inom l\u00e4kemedelsindustrin. Emma kommer ansvara f\u00f6r och arbeta med analytiska fr\u00e5gest\u00e4llningar inom ramen f\u00f6r Nanexas drug delivery-plattform PharmaShell<sup>\u00ae<\/sup>.<\/p>\n<p>&#8211; Att analyserna sker i direkt anslutning till Nanexas process och formuleringsutveckling kommer ocks\u00e5 inneb\u00e4ra att arbetet och utvecklingen accelereras. Dessutom bed\u00f6mer jag att vi kommer minska kostnaderna f\u00f6r analytiska konsulter v\u00e4sentligt, s\u00e4ger David Westberg, VD p\u00e5 Nanexa. Anst\u00e4llningen av Emma \u00e4r en del av Nanexas p\u00e5g\u00e5ende uppv\u00e4xling av verksamheten f\u00f6r att bli en ledande akt\u00f6r inom nanobaserad drug-delivery, forts\u00e4tter David Westberg.<\/p>\n<p>Ladda ner nyhetsbrevet <a href=\"http:\/\/www.nanexa.com\/wp-content\/uploads\/2017\/03\/Nanexa-Nyhetsbrev-243.pdf\">h\u00e4r<\/a>.<\/p>\n","protected":false},"excerpt":{"rendered":"<p>Nanexa AB (publ) har nu installerat en pilotskaleanl\u00e4ggning f\u00f6r Atomic Layer Deposition (ALD) i sina lokaler i Uppsala. Pilotskaleanl\u00e4ggningen best\u00e5r av en ny ALD-reaktor som har st\u00f6rre kapacitet \u00e4n den reaktor som redan tidigare finns installerad.<\/p>\n<p><a class=\"read-more\" href=\"https:\/\/nanexa.com\/sv\/nanexa-installerar-ny-utrustning-for-uppskalning-av-processer-och-nyanstaller\/\">L\u00e4s mer<\/a><\/p>\n","protected":false},"author":2,"featured_media":0,"comment_status":"closed","ping_status":"open","sticky":false,"template":"","format":"standard","meta":{"_acf_changed":false,"footnotes":""},"categories":[7],"tags":[],"class_list":["post-748","post","type-post","status-publish","format-standard","hentry","category-nyheter"],"acf":[],"yoast_head":"<!-- This site is optimized with the Yoast SEO plugin v27.5 - https:\/\/yoast.com\/product\/yoast-seo-wordpress\/ -->\n<title>Nanexa installerar ny utrustning f\u00f6r uppskalning av processer och nyanst\u00e4ller - Nanexa AB<\/title>\n<meta name=\"robots\" content=\"index, follow, max-snippet:-1, max-image-preview:large, max-video-preview:-1\" \/>\n<link rel=\"canonical\" href=\"https:\/\/nanexa.com\/nanexa-installerar-ny-utrustning-for-uppskalning-av-processer-och-nyanstaller\/\" \/>\n<meta property=\"og:locale\" content=\"sv_SE\" \/>\n<meta property=\"og:type\" content=\"article\" \/>\n<meta property=\"og:title\" content=\"Nanexa installerar ny utrustning f\u00f6r uppskalning av processer och nyanst\u00e4ller - Nanexa AB\" \/>\n<meta property=\"og:description\" content=\"Nanexa AB (publ) har nu installerat en pilotskaleanl\u00e4ggning f\u00f6r Atomic Layer Deposition (ALD) i sina lokaler i Uppsala. Pilotskaleanl\u00e4ggningen best\u00e5r av en ny ALD-reaktor som har st\u00f6rre kapacitet \u00e4n den reaktor som redan tidigare finns installerad.L\u00e4s mer\" \/>\n<meta property=\"og:url\" content=\"https:\/\/nanexa.com\/nanexa-installerar-ny-utrustning-for-uppskalning-av-processer-och-nyanstaller\/\" \/>\n<meta property=\"og:site_name\" content=\"Nanexa AB\" \/>\n<meta property=\"article:published_time\" content=\"2017-03-24T14:51:39+00:00\" \/>\n<meta name=\"author\" content=\"Anders Johansson\" \/>\n<meta name=\"twitter:card\" content=\"summary_large_image\" \/>\n<meta name=\"twitter:label1\" content=\"Skriven av\" \/>\n\t<meta name=\"twitter:data1\" content=\"Anders Johansson\" \/>\n\t<meta name=\"twitter:label2\" content=\"Ber\u00e4knad l\u00e4stid\" \/>\n\t<meta name=\"twitter:data2\" content=\"1 minut\" \/>\n<script type=\"application\/ld+json\" class=\"yoast-schema-graph\">{\"@context\":\"https:\\\/\\\/schema.org\",\"@graph\":[{\"@type\":\"Article\",\"@id\":\"https:\\\/\\\/nanexa.com\\\/nanexa-installerar-ny-utrustning-for-uppskalning-av-processer-och-nyanstaller\\\/#article\",\"isPartOf\":{\"@id\":\"https:\\\/\\\/nanexa.com\\\/nanexa-installerar-ny-utrustning-for-uppskalning-av-processer-och-nyanstaller\\\/\"},\"author\":{\"name\":\"Anders Johansson\",\"@id\":\"https:\\\/\\\/nanexa.com\\\/#\\\/schema\\\/person\\\/d26735c022a71d41737953c23a07692a\"},\"headline\":\"Nanexa installerar ny utrustning f\u00f6r uppskalning av processer och nyanst\u00e4ller\",\"datePublished\":\"2017-03-24T14:51:39+00:00\",\"mainEntityOfPage\":{\"@id\":\"https:\\\/\\\/nanexa.com\\\/nanexa-installerar-ny-utrustning-for-uppskalning-av-processer-och-nyanstaller\\\/\"},\"wordCount\":243,\"publisher\":{\"@id\":\"https:\\\/\\\/nanexa.com\\\/#organization\"},\"articleSection\":[\"Nyheter\"],\"inLanguage\":\"sv-SE\"},{\"@type\":\"WebPage\",\"@id\":\"https:\\\/\\\/nanexa.com\\\/nanexa-installerar-ny-utrustning-for-uppskalning-av-processer-och-nyanstaller\\\/\",\"url\":\"https:\\\/\\\/nanexa.com\\\/nanexa-installerar-ny-utrustning-for-uppskalning-av-processer-och-nyanstaller\\\/\",\"name\":\"Nanexa installerar ny utrustning f\u00f6r uppskalning av processer och nyanst\u00e4ller - Nanexa AB\",\"isPartOf\":{\"@id\":\"https:\\\/\\\/nanexa.com\\\/#website\"},\"datePublished\":\"2017-03-24T14:51:39+00:00\",\"breadcrumb\":{\"@id\":\"https:\\\/\\\/nanexa.com\\\/nanexa-installerar-ny-utrustning-for-uppskalning-av-processer-och-nyanstaller\\\/#breadcrumb\"},\"inLanguage\":\"sv-SE\",\"potentialAction\":[{\"@type\":\"ReadAction\",\"target\":[\"https:\\\/\\\/nanexa.com\\\/nanexa-installerar-ny-utrustning-for-uppskalning-av-processer-och-nyanstaller\\\/\"]}]},{\"@type\":\"BreadcrumbList\",\"@id\":\"https:\\\/\\\/nanexa.com\\\/nanexa-installerar-ny-utrustning-for-uppskalning-av-processer-och-nyanstaller\\\/#breadcrumb\",\"itemListElement\":[{\"@type\":\"ListItem\",\"position\":1,\"name\":\"Hem\",\"item\":\"https:\\\/\\\/nanexa.com\\\/sv\\\/\"},{\"@type\":\"ListItem\",\"position\":2,\"name\":\"Nanexa installerar ny utrustning f\u00f6r uppskalning av processer och nyanst\u00e4ller\"}]},{\"@type\":\"WebSite\",\"@id\":\"https:\\\/\\\/nanexa.com\\\/#website\",\"url\":\"https:\\\/\\\/nanexa.com\\\/\",\"name\":\"Nanexa AB\",\"description\":\"\",\"publisher\":{\"@id\":\"https:\\\/\\\/nanexa.com\\\/#organization\"},\"potentialAction\":[{\"@type\":\"SearchAction\",\"target\":{\"@type\":\"EntryPoint\",\"urlTemplate\":\"https:\\\/\\\/nanexa.com\\\/?s={search_term_string}\"},\"query-input\":{\"@type\":\"PropertyValueSpecification\",\"valueRequired\":true,\"valueName\":\"search_term_string\"}}],\"inLanguage\":\"sv-SE\"},{\"@type\":\"Organization\",\"@id\":\"https:\\\/\\\/nanexa.com\\\/#organization\",\"name\":\"Nanexa AB\",\"url\":\"https:\\\/\\\/nanexa.com\\\/\",\"logo\":{\"@type\":\"ImageObject\",\"inLanguage\":\"sv-SE\",\"@id\":\"https:\\\/\\\/nanexa.com\\\/#\\\/schema\\\/logo\\\/image\\\/\",\"url\":\"https:\\\/\\\/nanexa.com\\\/wp-content\\\/uploads\\\/2015\\\/04\\\/nanexa-logo.png\",\"contentUrl\":\"https:\\\/\\\/nanexa.com\\\/wp-content\\\/uploads\\\/2015\\\/04\\\/nanexa-logo.png\",\"width\":165,\"height\":50,\"caption\":\"Nanexa AB\"},\"image\":{\"@id\":\"https:\\\/\\\/nanexa.com\\\/#\\\/schema\\\/logo\\\/image\\\/\"}},{\"@type\":\"Person\",\"@id\":\"https:\\\/\\\/nanexa.com\\\/#\\\/schema\\\/person\\\/d26735c022a71d41737953c23a07692a\",\"name\":\"Anders Johansson\",\"image\":{\"@type\":\"ImageObject\",\"inLanguage\":\"sv-SE\",\"@id\":\"https:\\\/\\\/secure.gravatar.com\\\/avatar\\\/1eee3bf26eba126e14bce6671b99389c3e366b0577f9fa176d41797d92204ff1?s=96&d=mm&r=g\",\"url\":\"https:\\\/\\\/secure.gravatar.com\\\/avatar\\\/1eee3bf26eba126e14bce6671b99389c3e366b0577f9fa176d41797d92204ff1?s=96&d=mm&r=g\",\"contentUrl\":\"https:\\\/\\\/secure.gravatar.com\\\/avatar\\\/1eee3bf26eba126e14bce6671b99389c3e366b0577f9fa176d41797d92204ff1?s=96&d=mm&r=g\",\"caption\":\"Anders Johansson\"},\"url\":\"https:\\\/\\\/nanexa.com\\\/sv\\\/author\\\/anders\\\/\"}]}<\/script>\n<!-- \/ Yoast SEO plugin. -->","yoast_head_json":{"title":"Nanexa installerar ny utrustning f\u00f6r uppskalning av processer och nyanst\u00e4ller - Nanexa AB","robots":{"index":"index","follow":"follow","max-snippet":"max-snippet:-1","max-image-preview":"max-image-preview:large","max-video-preview":"max-video-preview:-1"},"canonical":"https:\/\/nanexa.com\/nanexa-installerar-ny-utrustning-for-uppskalning-av-processer-och-nyanstaller\/","og_locale":"sv_SE","og_type":"article","og_title":"Nanexa installerar ny utrustning f\u00f6r uppskalning av processer och nyanst\u00e4ller - Nanexa AB","og_description":"Nanexa AB (publ) har nu installerat en pilotskaleanl\u00e4ggning f\u00f6r Atomic Layer Deposition (ALD) i sina lokaler i Uppsala. Pilotskaleanl\u00e4ggningen best\u00e5r av en ny ALD-reaktor som har st\u00f6rre kapacitet \u00e4n den reaktor som redan tidigare finns installerad.L\u00e4s mer","og_url":"https:\/\/nanexa.com\/nanexa-installerar-ny-utrustning-for-uppskalning-av-processer-och-nyanstaller\/","og_site_name":"Nanexa AB","article_published_time":"2017-03-24T14:51:39+00:00","author":"Anders Johansson","twitter_card":"summary_large_image","twitter_misc":{"Skriven av":"Anders Johansson","Ber\u00e4knad l\u00e4stid":"1 minut"},"schema":{"@context":"https:\/\/schema.org","@graph":[{"@type":"Article","@id":"https:\/\/nanexa.com\/nanexa-installerar-ny-utrustning-for-uppskalning-av-processer-och-nyanstaller\/#article","isPartOf":{"@id":"https:\/\/nanexa.com\/nanexa-installerar-ny-utrustning-for-uppskalning-av-processer-och-nyanstaller\/"},"author":{"name":"Anders Johansson","@id":"https:\/\/nanexa.com\/#\/schema\/person\/d26735c022a71d41737953c23a07692a"},"headline":"Nanexa installerar ny utrustning f\u00f6r uppskalning av processer och nyanst\u00e4ller","datePublished":"2017-03-24T14:51:39+00:00","mainEntityOfPage":{"@id":"https:\/\/nanexa.com\/nanexa-installerar-ny-utrustning-for-uppskalning-av-processer-och-nyanstaller\/"},"wordCount":243,"publisher":{"@id":"https:\/\/nanexa.com\/#organization"},"articleSection":["Nyheter"],"inLanguage":"sv-SE"},{"@type":"WebPage","@id":"https:\/\/nanexa.com\/nanexa-installerar-ny-utrustning-for-uppskalning-av-processer-och-nyanstaller\/","url":"https:\/\/nanexa.com\/nanexa-installerar-ny-utrustning-for-uppskalning-av-processer-och-nyanstaller\/","name":"Nanexa installerar ny utrustning f\u00f6r uppskalning av processer och nyanst\u00e4ller - Nanexa AB","isPartOf":{"@id":"https:\/\/nanexa.com\/#website"},"datePublished":"2017-03-24T14:51:39+00:00","breadcrumb":{"@id":"https:\/\/nanexa.com\/nanexa-installerar-ny-utrustning-for-uppskalning-av-processer-och-nyanstaller\/#breadcrumb"},"inLanguage":"sv-SE","potentialAction":[{"@type":"ReadAction","target":["https:\/\/nanexa.com\/nanexa-installerar-ny-utrustning-for-uppskalning-av-processer-och-nyanstaller\/"]}]},{"@type":"BreadcrumbList","@id":"https:\/\/nanexa.com\/nanexa-installerar-ny-utrustning-for-uppskalning-av-processer-och-nyanstaller\/#breadcrumb","itemListElement":[{"@type":"ListItem","position":1,"name":"Hem","item":"https:\/\/nanexa.com\/sv\/"},{"@type":"ListItem","position":2,"name":"Nanexa installerar ny utrustning f\u00f6r uppskalning av processer och nyanst\u00e4ller"}]},{"@type":"WebSite","@id":"https:\/\/nanexa.com\/#website","url":"https:\/\/nanexa.com\/","name":"Nanexa AB","description":"","publisher":{"@id":"https:\/\/nanexa.com\/#organization"},"potentialAction":[{"@type":"SearchAction","target":{"@type":"EntryPoint","urlTemplate":"https:\/\/nanexa.com\/?s={search_term_string}"},"query-input":{"@type":"PropertyValueSpecification","valueRequired":true,"valueName":"search_term_string"}}],"inLanguage":"sv-SE"},{"@type":"Organization","@id":"https:\/\/nanexa.com\/#organization","name":"Nanexa AB","url":"https:\/\/nanexa.com\/","logo":{"@type":"ImageObject","inLanguage":"sv-SE","@id":"https:\/\/nanexa.com\/#\/schema\/logo\/image\/","url":"https:\/\/nanexa.com\/wp-content\/uploads\/2015\/04\/nanexa-logo.png","contentUrl":"https:\/\/nanexa.com\/wp-content\/uploads\/2015\/04\/nanexa-logo.png","width":165,"height":50,"caption":"Nanexa AB"},"image":{"@id":"https:\/\/nanexa.com\/#\/schema\/logo\/image\/"}},{"@type":"Person","@id":"https:\/\/nanexa.com\/#\/schema\/person\/d26735c022a71d41737953c23a07692a","name":"Anders Johansson","image":{"@type":"ImageObject","inLanguage":"sv-SE","@id":"https:\/\/secure.gravatar.com\/avatar\/1eee3bf26eba126e14bce6671b99389c3e366b0577f9fa176d41797d92204ff1?s=96&d=mm&r=g","url":"https:\/\/secure.gravatar.com\/avatar\/1eee3bf26eba126e14bce6671b99389c3e366b0577f9fa176d41797d92204ff1?s=96&d=mm&r=g","contentUrl":"https:\/\/secure.gravatar.com\/avatar\/1eee3bf26eba126e14bce6671b99389c3e366b0577f9fa176d41797d92204ff1?s=96&d=mm&r=g","caption":"Anders Johansson"},"url":"https:\/\/nanexa.com\/sv\/author\/anders\/"}]}},"_links":{"self":[{"href":"https:\/\/nanexa.com\/sv\/wp-json\/wp\/v2\/posts\/748","targetHints":{"allow":["GET"]}}],"collection":[{"href":"https:\/\/nanexa.com\/sv\/wp-json\/wp\/v2\/posts"}],"about":[{"href":"https:\/\/nanexa.com\/sv\/wp-json\/wp\/v2\/types\/post"}],"author":[{"embeddable":true,"href":"https:\/\/nanexa.com\/sv\/wp-json\/wp\/v2\/users\/2"}],"replies":[{"embeddable":true,"href":"https:\/\/nanexa.com\/sv\/wp-json\/wp\/v2\/comments?post=748"}],"version-history":[{"count":1,"href":"https:\/\/nanexa.com\/sv\/wp-json\/wp\/v2\/posts\/748\/revisions"}],"predecessor-version":[{"id":749,"href":"https:\/\/nanexa.com\/sv\/wp-json\/wp\/v2\/posts\/748\/revisions\/749"}],"wp:attachment":[{"href":"https:\/\/nanexa.com\/sv\/wp-json\/wp\/v2\/media?parent=748"}],"wp:term":[{"taxonomy":"category","embeddable":true,"href":"https:\/\/nanexa.com\/sv\/wp-json\/wp\/v2\/categories?post=748"},{"taxonomy":"post_tag","embeddable":true,"href":"https:\/\/nanexa.com\/sv\/wp-json\/wp\/v2\/tags?post=748"}],"curies":[{"name":"wp","href":"https:\/\/api.w.org\/{rel}","templated":true}]}}