{"id":756,"date":"2017-05-15T09:00:13","date_gmt":"2017-05-15T07:00:13","guid":{"rendered":"http:\/\/www.nanexa.com\/nanexa-nanexa-kallar-till-arsstamma\/"},"modified":"2017-08-29T08:55:57","modified_gmt":"2017-08-29T06:55:57","slug":"nanexa-nanexa-kallar-till-arsstamma","status":"publish","type":"post","link":"https:\/\/nanexa.com\/sv\/nanexa-nanexa-kallar-till-arsstamma\/","title":{"rendered":"Nanexa kallar till \u00e5rsst\u00e4mma"},"content":{"rendered":"<p style=\"font-family: arial, helvetica, sans-serif;\"><span style=\"font-size: 10pt;\">Aktie\u00e4garna i<\/span><\/p>\n<p style=\"font-family: arial, helvetica, sans-serif;\"><span style=\"font-size: 10pt;\"><strong>Nanexa AB (publ)<\/strong><\/span><\/p>\n<p style=\"font-family: arial, helvetica, sans-serif;\"><span style=\"font-size: 10pt;\">kallas h\u00e4rmed till \u00e5rsst\u00e4mma i Nanexa AB (publ), 556833-0285, m\u00e5ndagen den 12 juni 2017, klockan 17.00 p\u00e5 Uppsala Business Park, Rapsgatan 7, Uppsala.<\/span><\/p>\n<p style=\"font-family: arial, helvetica, sans-serif;\"><span style=\"font-size: 10pt;\"><strong>A. R\u00e4tt att delta p\u00e5 \u00e5rsst\u00e4mman<\/strong> <\/span><\/p>\n<p style=\"font-family: arial, helvetica, sans-serif;\"><span style=\"font-size: 10pt;\">Aktie\u00e4gare som \u00f6nskar delta vid st\u00e4mman ska dels vara inf\u00f6rd i den av Euroclear Sweden AB f\u00f6rda aktieboken m\u00e5ndagen den 5 juni 2017, dels anm\u00e4la sin avsikt att delta i bolagsst\u00e4mman senast m\u00e5ndagen den 5 juni 2017 under adress: Nanexa AB, Virdings All\u00e9 32 B, 754 50 Uppsala, via e-post till info@nanexa.se eller per telefon 018-100\u00a0300.<\/span><\/p>\n<p style=\"font-family: arial, helvetica, sans-serif;\"><span style=\"font-size: 10pt;\">Vid anm\u00e4lan ska aktie\u00e4garen uppge namn, person- eller organisationsnummer, adress, telefonnummer, e-postadress, eventuella bitr\u00e4den samt uppgifter om aktieinnehav. Aktie\u00e4gare som f\u00f6retr\u00e4ds genom ombud ska utf\u00e4rda dagtecknad fullmakt f\u00f6r ombudet. Fullmaktsformul\u00e4r h\u00e5lls tillg\u00e4ngligt p\u00e5 bolagets hemsida www.nanexa.com. Aktie\u00e4gare som har sina aktier f\u00f6rvaltarregistrerade genom banks notariatavdelning eller annan f\u00f6rvaltare m\u00e5ste, f\u00f6r att \u00e4ga r\u00e4tt att delta vid st\u00e4mman, tillf\u00e4lligt inregistrera aktierna i eget namn hos Euroclear Sweden AB. S\u00e5dan registrering m\u00e5ste vara genomf\u00f6rd den 5 juni 2017 och f\u00f6rvaltaren b\u00f6r s\u00e5ledes underr\u00e4ttas i god tid f\u00f6re n\u00e4mnda datum. Om fullmakt utf\u00e4rdas av juridisk person ska bestyrkt kopia av registreringsbevis eller motsvarande f\u00f6r den juridiska personen bifogas. Aktie\u00e4gare som f\u00f6retr\u00e4ds genom ombud skall utf\u00e4rda skriftlig och daterad fullmakt f\u00f6r ombudet. Fullmakten f\u00e5r inte vara utf\u00e4rdad tidigare \u00e4n fem \u00e5r f\u00f6re dagen f\u00f6r st\u00e4mman. <\/span><\/p>\n<h2 style=\"font-family: arial, helvetica, sans-serif;\"><\/h2>\n<p style=\"font-family: arial, helvetica, sans-serif;\"><span style=\"font-size: 10pt;\"><strong>B. \u00c4renden p\u00e5 st\u00e4mman<\/strong><\/span><\/p>\n<p style=\"font-family: arial, helvetica, sans-serif;\"><span style=\"font-size: 10pt;\">1.\u00a0\u00a0\u00a0\u00a0 \u00d6ppnande av st\u00e4mman<\/span><\/p>\n<p style=\"font-family: arial, helvetica, sans-serif;\"><span style=\"font-size: 10pt;\">2.\u00a0\u00a0\u00a0\u00a0 Val av ordf\u00f6rande vid st\u00e4mman<\/span><\/p>\n<p style=\"font-family: arial, helvetica, sans-serif;\"><span style=\"font-size: 10pt;\">3.\u00a0\u00a0\u00a0\u00a0 Uppr\u00e4ttande och godk\u00e4nnande av r\u00f6stl\u00e4ngd<\/span><\/p>\n<p style=\"font-family: arial, helvetica, sans-serif;\"><span style=\"font-size: 10pt;\">4.\u00a0\u00a0\u00a0\u00a0 Val av en eller tv\u00e5 justeringsm\u00e4n<\/span><\/p>\n<p style=\"font-family: arial, helvetica, sans-serif;\"><span style=\"font-size: 10pt;\">5.\u00a0\u00a0\u00a0\u00a0 Pr\u00f6vning av om st\u00e4mman blivit beh\u00f6rigen sammankallad<\/span><\/p>\n<p style=\"font-family: arial, helvetica, sans-serif;\"><span style=\"font-size: 10pt;\">6.\u00a0\u00a0\u00a0\u00a0 Godk\u00e4nnande av dagordningen<\/span><\/p>\n<p style=\"font-family: arial, helvetica, sans-serif;\"><span style=\"font-size: 10pt;\">7.\u00a0\u00a0\u00a0\u00a0 Framl\u00e4ggande av \u00e5rsredovisningen och revisionsber\u00e4ttelsen<\/span><\/p>\n<p style=\"font-family: arial, helvetica, sans-serif;\"><span style=\"font-size: 10pt;\">8.\u00a0\u00a0\u00a0\u00a0 Verkst\u00e4llande direkt\u00f6rens anf\u00f6rande <\/span><\/p>\n<p style=\"font-family: arial, helvetica, sans-serif;\"><span style=\"font-size: 10pt;\">9.\u00a0\u00a0\u00a0\u00a0 Beslut om <\/span><\/p>\n<p style=\"font-family: arial, helvetica, sans-serif;\"><span style=\"font-size: 10pt;\">a)\u00a0\u00a0\u00a0\u00a0 fastst\u00e4llelse av resultatr\u00e4kningen och balansr\u00e4kningen <\/span><\/p>\n<p style=\"font-family: arial, helvetica, sans-serif;\"><span style=\"font-size: 10pt;\">b)\u00a0\u00a0\u00a0 dispositioner betr\u00e4ffande bolagets vinst eller f\u00f6rlust enligt den fastst\u00e4llda balansr\u00e4kningen<\/span><\/p>\n<p style=\"font-family: arial, helvetica, sans-serif;\"><span style=\"font-size: 10pt;\">c)\u00a0\u00a0\u00a0\u00a0 ansvarsfrihet f\u00f6r styrelseledam\u00f6terna och den verkst\u00e4llande direkt\u00f6ren <\/span><\/p>\n<p style=\"font-family: arial, helvetica, sans-serif;\"><span style=\"font-size: 10pt;\">10.\u00a0 Fastst\u00e4llande av arvoden till styrelsen och revisorn<\/span><\/p>\n<p style=\"font-family: arial, helvetica, sans-serif;\"><span style=\"font-size: 10pt;\">11.\u00a0 Val till styrelsen och av revisor<\/span><\/p>\n<p style=\"font-family: arial, helvetica, sans-serif;\"><span style=\"font-size: 10pt;\">12.\u00a0 Beslut om bemyndigande avseende f\u00f6retr\u00e4desemission<\/span><\/p>\n<p style=\"font-family: arial, helvetica, sans-serif;\"><span style=\"font-size: 10pt;\">13.\u00a0 Beslut om bemyndigande avseende riktad emission<\/span><\/p>\n<p style=\"font-family: arial, helvetica, sans-serif;\"><span style=\"font-size: 10pt;\">14.\u00a0 Avslutande av bolagsst\u00e4mman\u00a0<\/span><\/p>\n<h2 style=\"font-family: arial, helvetica, sans-serif;\"><span style=\"font-size: 10pt;\">F\u00f6rslag till beslut<\/span><\/h2>\n<p style=\"font-family: arial, helvetica, sans-serif;\"><span style=\"font-size: 10pt;\"><strong>Punkt 10 och 11<\/strong><\/span><\/p>\n<p style=\"font-family: arial, helvetica, sans-serif;\"><span style=\"font-size: 10pt;\">F\u00f6rslag till fastst\u00e4llande av arvode samt f\u00f6rslag till styrelse och revisor kommer att presenteras p\u00e5 bolagets hemsida senast den 5 juni 2017.<\/span><\/p>\n<p style=\"font-family: arial, helvetica, sans-serif;\"><span style=\"font-size: 10pt;\"><strong>Punkt 12<\/strong><\/span><\/p>\n<p style=\"font-family: arial, helvetica, sans-serif;\"><span style=\"font-size: 10pt;\">Styrelsen f\u00f6resl\u00e5r att \u00e5rsst\u00e4mman beslutar att bemyndiga styrelsen att, vid ett eller flera tillf\u00e4llen, f\u00f6r tiden intill n\u00e4sta \u00e5rsst\u00e4mma, fatta beslut om emission av aktier, teckningsoptioner och\/eller konvertibler. Styrelsens beslut f\u00e5r f\u00f6renas med villkor om att tecknade aktier f\u00e5r betalas genom kvittning. Emission skall ske med f\u00f6retr\u00e4de f\u00f6r befintliga aktie\u00e4gare.<\/span><\/p>\n<p style=\"font-family: arial, helvetica, sans-serif;\"><span style=\"font-size: 10pt;\"><strong>Punkt 13<\/strong><\/span><\/p>\n<p style=\"font-family: arial, helvetica, sans-serif;\"><span style=\"font-size: 10pt;\">Styrelsen f\u00f6resl\u00e5r att \u00e5rsst\u00e4mman beslutar att bemyndiga styrelsen att, vid ett eller flera tillf\u00e4llen, f\u00f6r tiden intill n\u00e4sta \u00e5rsst\u00e4mma, fatta beslut om emission av aktier, teckningsoptioner och\/eller konvertibler. Styrelsen skall kunna besluta om emission med avvikelse fr\u00e5n aktie\u00e4garnas f\u00f6retr\u00e4desr\u00e4tt och\/eller med best\u00e4mmelse om apport, kvittning eller eljest med villkor. Styrelsen skall dock, med st\u00f6d av detta bemyndigande, inte kunna fatta beslut som inneb\u00e4r att aktiekapitalet \u00f6kas med mer \u00e4n 10 procent i f\u00f6rh\u00e5llande till det aktiekapital som f\u00f6religger n\u00e4r emissionsbemyndigandet f\u00f6rsta g\u00e5ngen tas i anspr\u00e5k.\u00a0 <\/span><\/p>\n<p style=\"font-family: arial, helvetica, sans-serif;\"><span style=\"font-size: 10pt;\">Sk\u00e4let till att styrelsen skall kunna fatta beslut om emission med avvikelse fr\u00e5n aktie\u00e4gares f\u00f6retr\u00e4desr\u00e4tt och\/eller med best\u00e4mmelse om apport, kvittning eller villkor enligt ovan \u00e4r att bolaget skall kunna emittera aktier, teckningsoptioner och\/eller konvertibler i syfte att inf\u00f6rskaffa nytt kapital samt att m\u00f6jligg\u00f6ra f\u00f6r styrelsen att rikta emissioner till investerare som styrelsen bed\u00f6mer vara strategiskt viktiga f\u00f6r bolaget.<\/span><\/p>\n<p style=\"font-family: arial, helvetica, sans-serif;\"><span style=\"font-size: 10pt;\"><strong>C. Upplysningar, handlingar och antal aktier och r\u00f6ster<\/strong><\/span><\/p>\n<p style=\"font-family: arial, helvetica, sans-serif;\"><span style=\"font-size: 10pt;\">Styrelsen och VD ska, om n\u00e5gon aktie\u00e4gare beg\u00e4r det och styrelsen anser att det kan ske utan v\u00e4sentlig skada f\u00f6r bolaget l\u00e4mna upplysningar om f\u00f6rh\u00e5llanden som kan inverka p\u00e5 bed\u00f6mningen av ett \u00e4rende p\u00e5 dagordningen. <\/span><\/p>\n<p style=\"font-family: arial, helvetica, sans-serif;\"><span style=\"font-size: 10pt;\">Redovisningshandlingar och revisionsber\u00e4ttelse finns tillg\u00e4ngliga p\u00e5 bolagets hemsida, www.nanexa.com, och p\u00e5 bolagets adress Virdings All\u00e9 32 B (bes\u00f6ksadress Rapsgatan 7), 754 50 Uppsala. Kopior av dessa handlingar kommer att s\u00e4ndas till de aktie\u00e4gare som beg\u00e4r det och uppger sin postadress. Handlingarna kommer \u00e4ven att h\u00e5llas tillg\u00e4ngliga vid st\u00e4mman.<\/span><\/p>\n<p style=\"font-family: arial, helvetica, sans-serif;\"><span style=\"font-size: 10pt;\">Bolaget har 7 625 054 aktier och r\u00f6ster.<\/span><\/p>\n<p style=\"font-family: arial, helvetica, sans-serif;\"><span style=\"font-size: 10pt;\">_____________________<\/span><\/p>\n<p style=\"font-family: arial, helvetica, sans-serif;\">Nanexa AB (publ)<\/p>\n<h3 style=\"font-family: arial, helvetica, sans-serif;\">Styrelsen<\/h3>\n","protected":false},"excerpt":{"rendered":"<p style=\"font-family: arial, helvetica, sans-serif;\">Aktie\u00e4garna i<\/p>\n<p style=\"font-family: arial, helvetica, sans-serif;\">Nanexa AB (publ)<\/p>\n<p style=\"font-family: arial, helvetica, sans-serif;\">kallas h\u00e4rmed till \u00e5rsst\u00e4mma i Nanexa AB (publ), 556833-0285, m\u00e5ndagen den 12 juni 2017, klockan 17.00 p\u00e5 Uppsala Business Park,<\/p>\n<p><a class=\"read-more\" href=\"https:\/\/nanexa.com\/sv\/nanexa-nanexa-kallar-till-arsstamma\/\">L\u00e4s mer<\/a><\/p>\n","protected":false},"author":2,"featured_media":0,"comment_status":"closed","ping_status":"open","sticky":false,"template":"","format":"standard","meta":{"_acf_changed":false,"footnotes":""},"categories":[7],"tags":[],"class_list":["post-756","post","type-post","status-publish","format-standard","hentry","category-nyheter"],"acf":[],"yoast_head":"<!-- This site is optimized with the Yoast SEO plugin v27.5 - https:\/\/yoast.com\/product\/yoast-seo-wordpress\/ -->\n<title>Nanexa kallar till \u00e5rsst\u00e4mma - Nanexa AB<\/title>\n<meta name=\"robots\" content=\"index, follow, max-snippet:-1, max-image-preview:large, max-video-preview:-1\" \/>\n<link rel=\"canonical\" href=\"https:\/\/nanexa.com\/nanexa-nanexa-kallar-till-arsstamma\/\" \/>\n<meta property=\"og:locale\" content=\"sv_SE\" \/>\n<meta property=\"og:type\" content=\"article\" \/>\n<meta property=\"og:title\" content=\"Nanexa kallar till \u00e5rsst\u00e4mma - Nanexa AB\" \/>\n<meta property=\"og:description\" content=\"Aktie\u00e4garna i Nanexa AB (publ) kallas h\u00e4rmed till \u00e5rsst\u00e4mma i Nanexa AB (publ), 556833-0285, m\u00e5ndagen den 12 juni 2017, klockan 17.00 p\u00e5 Uppsala Business Park,L\u00e4s mer\" \/>\n<meta property=\"og:url\" content=\"https:\/\/nanexa.com\/nanexa-nanexa-kallar-till-arsstamma\/\" \/>\n<meta property=\"og:site_name\" content=\"Nanexa AB\" \/>\n<meta property=\"article:published_time\" content=\"2017-05-15T07:00:13+00:00\" \/>\n<meta property=\"article:modified_time\" content=\"2017-08-29T06:55:57+00:00\" \/>\n<meta name=\"author\" content=\"Anders Johansson\" \/>\n<meta name=\"twitter:card\" content=\"summary_large_image\" \/>\n<meta name=\"twitter:label1\" content=\"Skriven av\" \/>\n\t<meta name=\"twitter:data1\" content=\"Anders Johansson\" \/>\n\t<meta name=\"twitter:label2\" content=\"Ber\u00e4knad l\u00e4stid\" \/>\n\t<meta name=\"twitter:data2\" content=\"4 minuter\" \/>\n<script type=\"application\/ld+json\" class=\"yoast-schema-graph\">{\"@context\":\"https:\\\/\\\/schema.org\",\"@graph\":[{\"@type\":\"Article\",\"@id\":\"https:\\\/\\\/nanexa.com\\\/nanexa-nanexa-kallar-till-arsstamma\\\/#article\",\"isPartOf\":{\"@id\":\"https:\\\/\\\/nanexa.com\\\/nanexa-nanexa-kallar-till-arsstamma\\\/\"},\"author\":{\"name\":\"Anders Johansson\",\"@id\":\"https:\\\/\\\/nanexa.com\\\/#\\\/schema\\\/person\\\/d26735c022a71d41737953c23a07692a\"},\"headline\":\"Nanexa kallar till \u00e5rsst\u00e4mma\",\"datePublished\":\"2017-05-15T07:00:13+00:00\",\"dateModified\":\"2017-08-29T06:55:57+00:00\",\"mainEntityOfPage\":{\"@id\":\"https:\\\/\\\/nanexa.com\\\/nanexa-nanexa-kallar-till-arsstamma\\\/\"},\"wordCount\":795,\"publisher\":{\"@id\":\"https:\\\/\\\/nanexa.com\\\/#organization\"},\"articleSection\":[\"Nyheter\"],\"inLanguage\":\"sv-SE\"},{\"@type\":\"WebPage\",\"@id\":\"https:\\\/\\\/nanexa.com\\\/nanexa-nanexa-kallar-till-arsstamma\\\/\",\"url\":\"https:\\\/\\\/nanexa.com\\\/nanexa-nanexa-kallar-till-arsstamma\\\/\",\"name\":\"Nanexa kallar till \u00e5rsst\u00e4mma - Nanexa AB\",\"isPartOf\":{\"@id\":\"https:\\\/\\\/nanexa.com\\\/#website\"},\"datePublished\":\"2017-05-15T07:00:13+00:00\",\"dateModified\":\"2017-08-29T06:55:57+00:00\",\"breadcrumb\":{\"@id\":\"https:\\\/\\\/nanexa.com\\\/nanexa-nanexa-kallar-till-arsstamma\\\/#breadcrumb\"},\"inLanguage\":\"sv-SE\",\"potentialAction\":[{\"@type\":\"ReadAction\",\"target\":[\"https:\\\/\\\/nanexa.com\\\/nanexa-nanexa-kallar-till-arsstamma\\\/\"]}]},{\"@type\":\"BreadcrumbList\",\"@id\":\"https:\\\/\\\/nanexa.com\\\/nanexa-nanexa-kallar-till-arsstamma\\\/#breadcrumb\",\"itemListElement\":[{\"@type\":\"ListItem\",\"position\":1,\"name\":\"Hem\",\"item\":\"https:\\\/\\\/nanexa.com\\\/sv\\\/\"},{\"@type\":\"ListItem\",\"position\":2,\"name\":\"Nanexa kallar till \u00e5rsst\u00e4mma\"}]},{\"@type\":\"WebSite\",\"@id\":\"https:\\\/\\\/nanexa.com\\\/#website\",\"url\":\"https:\\\/\\\/nanexa.com\\\/\",\"name\":\"Nanexa AB\",\"description\":\"\",\"publisher\":{\"@id\":\"https:\\\/\\\/nanexa.com\\\/#organization\"},\"potentialAction\":[{\"@type\":\"SearchAction\",\"target\":{\"@type\":\"EntryPoint\",\"urlTemplate\":\"https:\\\/\\\/nanexa.com\\\/?s={search_term_string}\"},\"query-input\":{\"@type\":\"PropertyValueSpecification\",\"valueRequired\":true,\"valueName\":\"search_term_string\"}}],\"inLanguage\":\"sv-SE\"},{\"@type\":\"Organization\",\"@id\":\"https:\\\/\\\/nanexa.com\\\/#organization\",\"name\":\"Nanexa AB\",\"url\":\"https:\\\/\\\/nanexa.com\\\/\",\"logo\":{\"@type\":\"ImageObject\",\"inLanguage\":\"sv-SE\",\"@id\":\"https:\\\/\\\/nanexa.com\\\/#\\\/schema\\\/logo\\\/image\\\/\",\"url\":\"https:\\\/\\\/nanexa.com\\\/wp-content\\\/uploads\\\/2015\\\/04\\\/nanexa-logo.png\",\"contentUrl\":\"https:\\\/\\\/nanexa.com\\\/wp-content\\\/uploads\\\/2015\\\/04\\\/nanexa-logo.png\",\"width\":165,\"height\":50,\"caption\":\"Nanexa AB\"},\"image\":{\"@id\":\"https:\\\/\\\/nanexa.com\\\/#\\\/schema\\\/logo\\\/image\\\/\"}},{\"@type\":\"Person\",\"@id\":\"https:\\\/\\\/nanexa.com\\\/#\\\/schema\\\/person\\\/d26735c022a71d41737953c23a07692a\",\"name\":\"Anders Johansson\",\"image\":{\"@type\":\"ImageObject\",\"inLanguage\":\"sv-SE\",\"@id\":\"https:\\\/\\\/secure.gravatar.com\\\/avatar\\\/1eee3bf26eba126e14bce6671b99389c3e366b0577f9fa176d41797d92204ff1?s=96&d=mm&r=g\",\"url\":\"https:\\\/\\\/secure.gravatar.com\\\/avatar\\\/1eee3bf26eba126e14bce6671b99389c3e366b0577f9fa176d41797d92204ff1?s=96&d=mm&r=g\",\"contentUrl\":\"https:\\\/\\\/secure.gravatar.com\\\/avatar\\\/1eee3bf26eba126e14bce6671b99389c3e366b0577f9fa176d41797d92204ff1?s=96&d=mm&r=g\",\"caption\":\"Anders Johansson\"},\"url\":\"https:\\\/\\\/nanexa.com\\\/sv\\\/author\\\/anders\\\/\"}]}<\/script>\n<!-- \/ Yoast SEO plugin. -->","yoast_head_json":{"title":"Nanexa kallar till \u00e5rsst\u00e4mma - Nanexa AB","robots":{"index":"index","follow":"follow","max-snippet":"max-snippet:-1","max-image-preview":"max-image-preview:large","max-video-preview":"max-video-preview:-1"},"canonical":"https:\/\/nanexa.com\/nanexa-nanexa-kallar-till-arsstamma\/","og_locale":"sv_SE","og_type":"article","og_title":"Nanexa kallar till \u00e5rsst\u00e4mma - Nanexa AB","og_description":"Aktie\u00e4garna i Nanexa AB (publ) kallas h\u00e4rmed till \u00e5rsst\u00e4mma i Nanexa AB (publ), 556833-0285, m\u00e5ndagen den 12 juni 2017, klockan 17.00 p\u00e5 Uppsala Business Park,L\u00e4s mer","og_url":"https:\/\/nanexa.com\/nanexa-nanexa-kallar-till-arsstamma\/","og_site_name":"Nanexa AB","article_published_time":"2017-05-15T07:00:13+00:00","article_modified_time":"2017-08-29T06:55:57+00:00","author":"Anders Johansson","twitter_card":"summary_large_image","twitter_misc":{"Skriven av":"Anders Johansson","Ber\u00e4knad l\u00e4stid":"4 minuter"},"schema":{"@context":"https:\/\/schema.org","@graph":[{"@type":"Article","@id":"https:\/\/nanexa.com\/nanexa-nanexa-kallar-till-arsstamma\/#article","isPartOf":{"@id":"https:\/\/nanexa.com\/nanexa-nanexa-kallar-till-arsstamma\/"},"author":{"name":"Anders Johansson","@id":"https:\/\/nanexa.com\/#\/schema\/person\/d26735c022a71d41737953c23a07692a"},"headline":"Nanexa kallar till \u00e5rsst\u00e4mma","datePublished":"2017-05-15T07:00:13+00:00","dateModified":"2017-08-29T06:55:57+00:00","mainEntityOfPage":{"@id":"https:\/\/nanexa.com\/nanexa-nanexa-kallar-till-arsstamma\/"},"wordCount":795,"publisher":{"@id":"https:\/\/nanexa.com\/#organization"},"articleSection":["Nyheter"],"inLanguage":"sv-SE"},{"@type":"WebPage","@id":"https:\/\/nanexa.com\/nanexa-nanexa-kallar-till-arsstamma\/","url":"https:\/\/nanexa.com\/nanexa-nanexa-kallar-till-arsstamma\/","name":"Nanexa kallar till \u00e5rsst\u00e4mma - Nanexa AB","isPartOf":{"@id":"https:\/\/nanexa.com\/#website"},"datePublished":"2017-05-15T07:00:13+00:00","dateModified":"2017-08-29T06:55:57+00:00","breadcrumb":{"@id":"https:\/\/nanexa.com\/nanexa-nanexa-kallar-till-arsstamma\/#breadcrumb"},"inLanguage":"sv-SE","potentialAction":[{"@type":"ReadAction","target":["https:\/\/nanexa.com\/nanexa-nanexa-kallar-till-arsstamma\/"]}]},{"@type":"BreadcrumbList","@id":"https:\/\/nanexa.com\/nanexa-nanexa-kallar-till-arsstamma\/#breadcrumb","itemListElement":[{"@type":"ListItem","position":1,"name":"Hem","item":"https:\/\/nanexa.com\/sv\/"},{"@type":"ListItem","position":2,"name":"Nanexa kallar till \u00e5rsst\u00e4mma"}]},{"@type":"WebSite","@id":"https:\/\/nanexa.com\/#website","url":"https:\/\/nanexa.com\/","name":"Nanexa AB","description":"","publisher":{"@id":"https:\/\/nanexa.com\/#organization"},"potentialAction":[{"@type":"SearchAction","target":{"@type":"EntryPoint","urlTemplate":"https:\/\/nanexa.com\/?s={search_term_string}"},"query-input":{"@type":"PropertyValueSpecification","valueRequired":true,"valueName":"search_term_string"}}],"inLanguage":"sv-SE"},{"@type":"Organization","@id":"https:\/\/nanexa.com\/#organization","name":"Nanexa AB","url":"https:\/\/nanexa.com\/","logo":{"@type":"ImageObject","inLanguage":"sv-SE","@id":"https:\/\/nanexa.com\/#\/schema\/logo\/image\/","url":"https:\/\/nanexa.com\/wp-content\/uploads\/2015\/04\/nanexa-logo.png","contentUrl":"https:\/\/nanexa.com\/wp-content\/uploads\/2015\/04\/nanexa-logo.png","width":165,"height":50,"caption":"Nanexa AB"},"image":{"@id":"https:\/\/nanexa.com\/#\/schema\/logo\/image\/"}},{"@type":"Person","@id":"https:\/\/nanexa.com\/#\/schema\/person\/d26735c022a71d41737953c23a07692a","name":"Anders Johansson","image":{"@type":"ImageObject","inLanguage":"sv-SE","@id":"https:\/\/secure.gravatar.com\/avatar\/1eee3bf26eba126e14bce6671b99389c3e366b0577f9fa176d41797d92204ff1?s=96&d=mm&r=g","url":"https:\/\/secure.gravatar.com\/avatar\/1eee3bf26eba126e14bce6671b99389c3e366b0577f9fa176d41797d92204ff1?s=96&d=mm&r=g","contentUrl":"https:\/\/secure.gravatar.com\/avatar\/1eee3bf26eba126e14bce6671b99389c3e366b0577f9fa176d41797d92204ff1?s=96&d=mm&r=g","caption":"Anders Johansson"},"url":"https:\/\/nanexa.com\/sv\/author\/anders\/"}]}},"_links":{"self":[{"href":"https:\/\/nanexa.com\/sv\/wp-json\/wp\/v2\/posts\/756","targetHints":{"allow":["GET"]}}],"collection":[{"href":"https:\/\/nanexa.com\/sv\/wp-json\/wp\/v2\/posts"}],"about":[{"href":"https:\/\/nanexa.com\/sv\/wp-json\/wp\/v2\/types\/post"}],"author":[{"embeddable":true,"href":"https:\/\/nanexa.com\/sv\/wp-json\/wp\/v2\/users\/2"}],"replies":[{"embeddable":true,"href":"https:\/\/nanexa.com\/sv\/wp-json\/wp\/v2\/comments?post=756"}],"version-history":[{"count":2,"href":"https:\/\/nanexa.com\/sv\/wp-json\/wp\/v2\/posts\/756\/revisions"}],"predecessor-version":[{"id":830,"href":"https:\/\/nanexa.com\/sv\/wp-json\/wp\/v2\/posts\/756\/revisions\/830"}],"wp:attachment":[{"href":"https:\/\/nanexa.com\/sv\/wp-json\/wp\/v2\/media?parent=756"}],"wp:term":[{"taxonomy":"category","embeddable":true,"href":"https:\/\/nanexa.com\/sv\/wp-json\/wp\/v2\/categories?post=756"},{"taxonomy":"post_tag","embeddable":true,"href":"https:\/\/nanexa.com\/sv\/wp-json\/wp\/v2\/tags?post=756"}],"curies":[{"name":"wp","href":"https:\/\/api.w.org\/{rel}","templated":true}]}}